{"id":164,"date":"2020-07-17T09:45:03","date_gmt":"2020-07-17T09:45:03","guid":{"rendered":"https:\/\/tvc16.com\/portal\/?p=164"},"modified":"2020-07-17T11:22:09","modified_gmt":"2020-07-17T11:22:09","slug":"ponto-de-apoio-em-itaipava-passa-a-funcionar-na-ubs","status":"publish","type":"post","link":"https:\/\/tvc16.com\/portal\/2020\/07\/17\/ponto-de-apoio-em-itaipava-passa-a-funcionar-na-ubs\/","title":{"rendered":"Ponto de apoio em Itaipava passa a funcionar na UBS"},"content":{"rendered":"\n<p>Mudan\u00e7a vai ocorrer na manh\u00e3 desta sexta-feira (17\/07).Atendimentos ser\u00e3o retomados no mesmo dia diante da necessidade de altera\u00e7\u00e3o do local onde funciona a unidade do Ponto de Apoio contra o coronav\u00edrus, montado em frente ao terminal rodovi\u00e1rio, em Itaipava, o governo municipal resolveu, nesta semana, reorganizar o novo polo de atendimento. A mudan\u00e7a ocorre devido ao t\u00e9rmino do contrato de cess\u00e3o do terreno. O novo local fica pr\u00f3ximo ao anterior. Desde o in\u00edcio da pandemia, o ponto de apoio vem atendendo pacientes suspeitos de infec\u00e7\u00e3o pelo novo coronav\u00edrus, com realiza\u00e7\u00e3o de consultas e exames gratuitos. Pelo local, j\u00e1 passaram cerca de 2 mil pessoas at\u00e9 o momento. A mudan\u00e7a completa, para a Unidade B\u00e1sica de Sa\u00fade (UBS), tamb\u00e9m no distrito, ser\u00e1 realizada na manh\u00e3 da pr\u00f3xima sexta-feira (17\/07) por uma equipe especializada do SAMU e deve suspender os atendimentos por um curto per\u00edodo. A previs\u00e3o \u00e9 de que as equipes m\u00e9dicas voltem a atender os pacientes ainda no in\u00edcio da tarde do mesmo dia.\u201cEssa altera\u00e7\u00e3o vai ser feita de forma r\u00e1pida. Vai come\u00e7ar \u00e0s 8h da sexta-feira e deve terminar por volta das 13h do mesmo dia. Precisamos dessa agilidade para que os pacientes que carecem de atendimento n\u00e3o sejam obrigados a se deslocarem at\u00e9 o ponto de apoio do Centro da cidade\u201d, afirmou a secret\u00e1ria de sa\u00fade, Fab\u00edola Heck.Na sexta-feira (17\/07), todos os equipamentos essenciais ao trabalho ser\u00e3o transferidos para a nova unidade. Vale lembrar que o novo local de atendimento vai manter seu plant\u00e3o 24 horas por dia e ter\u00e1 entrada e sa\u00edda em pontos separados e afastados, para que pacientes suspeitos de contamina\u00e7\u00e3o pelo novo coronav\u00edrus n\u00e3o tenham acesso aos demais que buscam a UBS por outros motivos.<\/p>\n","protected":false},"excerpt":{"rendered":"<p>Mudan\u00e7a vai ocorrer na manh\u00e3 desta sexta-feira (17\/07).Atendimentos ser\u00e3o retomados no mesmo dia diante da<\/p>\n","protected":false},"author":1,"featured_media":165,"comment_status":"closed","ping_status":"closed","sticky":false,"template":"","format":"standard","meta":{"footnotes":""},"categories":[13],"tags":[],"class_list":["post-164","post","type-post","status-publish","format-standard","has-post-thumbnail","hentry","category-saude"],"_links":{"self":[{"href":"https:\/\/tvc16.com\/portal\/wp-json\/wp\/v2\/posts\/164","targetHints":{"allow":["GET"]}}],"collection":[{"href":"https:\/\/tvc16.com\/portal\/wp-json\/wp\/v2\/posts"}],"about":[{"href":"https:\/\/tvc16.com\/portal\/wp-json\/wp\/v2\/types\/post"}],"author":[{"embeddable":true,"href":"https:\/\/tvc16.com\/portal\/wp-json\/wp\/v2\/users\/1"}],"replies":[{"embeddable":true,"href":"https:\/\/tvc16.com\/portal\/wp-json\/wp\/v2\/comments?post=164"}],"version-history":[{"count":1,"href":"https:\/\/tvc16.com\/portal\/wp-json\/wp\/v2\/posts\/164\/revisions"}],"predecessor-version":[{"id":166,"href":"https:\/\/tvc16.com\/portal\/wp-json\/wp\/v2\/posts\/164\/revisions\/166"}],"wp:featuredmedia":[{"embeddable":true,"href":"https:\/\/tvc16.com\/portal\/wp-json\/wp\/v2\/media\/165"}],"wp:attachment":[{"href":"https:\/\/tvc16.com\/portal\/wp-json\/wp\/v2\/media?parent=164"}],"wp:term":[{"taxonomy":"category","embeddable":true,"href":"https:\/\/tvc16.com\/portal\/wp-json\/wp\/v2\/categories?post=164"},{"taxonomy":"post_tag","embeddable":true,"href":"https:\/\/tvc16.com\/portal\/wp-json\/wp\/v2\/tags?post=164"}],"curies":[{"name":"wp","href":"https:\/\/api.w.org\/{rel}","templated":true}]}}