{"id":1654,"date":"2020-09-30T13:01:20","date_gmt":"2020-09-30T13:01:20","guid":{"rendered":"https:\/\/tvc16.com\/portal\/?p=1654"},"modified":"2020-09-30T13:01:20","modified_gmt":"2020-09-30T13:01:20","slug":"plataforma-de-conexao-para-o-turismo-vence-competicao-de-inovacao","status":"publish","type":"post","link":"https:\/\/tvc16.com\/portal\/2020\/09\/30\/plataforma-de-conexao-para-o-turismo-vence-competicao-de-inovacao\/","title":{"rendered":"Plataforma de conex\u00e3o para o turismo vence competi\u00e7\u00e3o de inova\u00e7\u00e3o"},"content":{"rendered":"\n<p>Projeto vai participar de torneio internacional<\/p>\n\n\n\n<p>A startup Worldpackers, de S\u00e3o Paulo, venceu o 1\u00ba Desafio Brasileiro de Inova\u00e7\u00e3o em Turismo. A empresa criou uma plataforma online para conectar viajantes e anfitri\u00f5es em todo o mundo.<img decoding=\"async\" src=\"https:\/\/agenciabrasil.ebc.com.br\/ebc.png?id=1389296&amp;o=node\"><img decoding=\"async\" src=\"https:\/\/agenciabrasil.ebc.com.br\/ebc.gif?id=1389296&amp;o=node\"><\/p>\n\n\n\n<p>Com a vit\u00f3ria, a Worldpackers poder\u00e1 participar da 3\u00aa edi\u00e7\u00e3o da global UNWTO Tourism Startup Competition, que ocorre durante a Fitur, a maior feira internacional de tecnologia em turismo prevista para acontecer em Madri em janeiro de 2021 com a participa\u00e7\u00e3o de 160 pa\u00edses. A equipe da Worldpackers ainda participar\u00e1 de um programa especial de treinamento na Espanha.<\/p>\n\n\n\n<p>A competi\u00e7\u00e3o foi promovida pelo Minist\u00e9rio do Turismo, em parceria com o Minist\u00e9rio de Ci\u00eancia, Tecnologia e Inova\u00e7\u00f5es (MCTI), a Wakalua Innovation Hub e a Organiza\u00e7\u00e3o Mundial do Turismo (OMT).<\/p>\n\n\n\n<p>O ministro do Turismo, Marcelo \u00c1lvaro Ant\u00f4nio, avaliou que a inova\u00e7\u00e3o no setor ficou mais relevante por causa da pandemia de covid-19. \u201cN\u00e3o tenho d\u00favidas de que as solu\u00e7\u00f5es apresentadas por esses finalistas ajudar\u00e3o nosso setor a apresentar um diferencial competitivo para a retomada. E, ao incorporar a inova\u00e7\u00e3o como parte dos valores que norteiam a nossa estrat\u00e9gia, alcan\u00e7aremos maiores e melhores resultados\u201d, informou em nota.<\/p>\n\n\n\n<p>Em segundo lugar na competi\u00e7\u00e3o ficou a startup Vivakey e, em terceiro, a EION Ve\u00edculos El\u00e9tricos. Quase 800 startups se inscreveram para participar do 1\u00ba Desafio Brasileiro de Inova\u00e7\u00e3o em Turismo.<\/p>\n\n\n\n<p>Por Ag\u00eancia Brasil &#8211; Bras\u00edlia<\/p>\n\n\n\n<p>Edi\u00e7\u00e3o: F\u00e1bio Massalli<\/p>\n","protected":false},"excerpt":{"rendered":"<p>Projeto vai participar de torneio internacional A startup Worldpackers, de S\u00e3o Paulo, venceu o 1\u00ba<\/p>\n","protected":false},"author":2,"featured_media":1655,"comment_status":"open","ping_status":"open","sticky":false,"template":"","format":"standard","meta":{"footnotes":""},"categories":[16],"tags":[],"class_list":["post-1654","post","type-post","status-publish","format-standard","has-post-thumbnail","hentry","category-colunistas"],"_links":{"self":[{"href":"https:\/\/tvc16.com\/portal\/wp-json\/wp\/v2\/posts\/1654","targetHints":{"allow":["GET"]}}],"collection":[{"href":"https:\/\/tvc16.com\/portal\/wp-json\/wp\/v2\/posts"}],"about":[{"href":"https:\/\/tvc16.com\/portal\/wp-json\/wp\/v2\/types\/post"}],"author":[{"embeddable":true,"href":"https:\/\/tvc16.com\/portal\/wp-json\/wp\/v2\/users\/2"}],"replies":[{"embeddable":true,"href":"https:\/\/tvc16.com\/portal\/wp-json\/wp\/v2\/comments?post=1654"}],"version-history":[{"count":1,"href":"https:\/\/tvc16.com\/portal\/wp-json\/wp\/v2\/posts\/1654\/revisions"}],"predecessor-version":[{"id":1656,"href":"https:\/\/tvc16.com\/portal\/wp-json\/wp\/v2\/posts\/1654\/revisions\/1656"}],"wp:featuredmedia":[{"embeddable":true,"href":"https:\/\/tvc16.com\/portal\/wp-json\/wp\/v2\/media\/1655"}],"wp:attachment":[{"href":"https:\/\/tvc16.com\/portal\/wp-json\/wp\/v2\/media?parent=1654"}],"wp:term":[{"taxonomy":"category","embeddable":true,"href":"https:\/\/tvc16.com\/portal\/wp-json\/wp\/v2\/categories?post=1654"},{"taxonomy":"post_tag","embeddable":true,"href":"https:\/\/tvc16.com\/portal\/wp-json\/wp\/v2\/tags?post=1654"}],"curies":[{"name":"wp","href":"https:\/\/api.w.org\/{rel}","templated":true}]}}