{"id":1672,"date":"2020-09-30T15:57:28","date_gmt":"2020-09-30T15:57:28","guid":{"rendered":"https:\/\/tvc16.com\/portal\/?p=1672"},"modified":"2020-09-30T15:57:28","modified_gmt":"2020-09-30T15:57:28","slug":"termina-as-23h59-o-prazo-para-inscricoes-no-prouni","status":"publish","type":"post","link":"https:\/\/tvc16.com\/portal\/2020\/09\/30\/termina-as-23h59-o-prazo-para-inscricoes-no-prouni\/","title":{"rendered":"Termina \u00e0s 23h59 o prazo para inscri\u00e7\u00f5es no ProUni"},"content":{"rendered":"\n<p>S\u00e3o 90 mil vagas. Bolsas podem ser integrais ou parciais<\/p>\n\n\n\n<p>Terminam nesta quarta-feira ( 30) as inscri\u00e7\u00f5es para 90 mil bolsas remanescentes do Programa Universidade Para Todos (ProUni) 2020\/2. Os interessados t\u00eam at\u00e9 as 23h59 para o cadastro. As vagas retornaram ao sistema ap\u00f3s os candidatos selecionados n\u00e3o entregarem a documenta\u00e7\u00e3o ou terem seus documentos reprovados pelas institui\u00e7\u00f5es de ensino.<img decoding=\"async\" src=\"https:\/\/agenciabrasil.ebc.com.br\/ebc.png?id=1389327&amp;o=node\"><img decoding=\"async\" src=\"https:\/\/agenciabrasil.ebc.com.br\/ebc.gif?id=1389327&amp;o=node\"><\/p>\n\n\n\n<h2 class=\"wp-block-heading\">Pr\u00e9-requisitos<\/h2>\n\n\n\n<p>Podem requerer a bolsa quem fez o Exame Nacional do Ensino M\u00e9dio, a partir de 2010, com m\u00e9dia m\u00ednima de 450 pontos e nota acima de zero na reda\u00e7\u00e3o. Professores da rede p\u00fablica de ensino que estejam em exerc\u00edcio do magist\u00e9rio, tamb\u00e9m podem se candidatar. O inscrito precisa comprovar estar enquadrado em uma das seguintes situa\u00e7\u00f5es:<\/p>\n\n\n\n<p>Ter feito todo o ensino m\u00e9dio em escola p\u00fablica ou com bolsa integral em col\u00e9gio particular;<\/p>\n\n\n\n<p>Ser pessoa com defici\u00eancia;<\/p>\n\n\n\n<p>Ter contrato ativo em escola p\u00fablica como professor.<\/p>\n\n\n\n<h2 class=\"wp-block-heading\">Bolsas<\/h2>\n\n\n\n<p>De acordo com as regras do programa s\u00e3o oferecidas bolsas de 100% para quem tem renda familiar de at\u00e9 um sal\u00e1rio m\u00ednimo e meio por pessoa. No caso de renda familiar de at\u00e9 tr\u00eas sal\u00e1rios m\u00ednimos, por pessoa, as bolsas de 50%. Professores da rede p\u00fablica que estejam em exerc\u00edcio do magist\u00e9rio n\u00e3o precisam comprovar renda para que possam concorrer.<\/p>\n\n\n\n<h2 class=\"wp-block-heading\">Resultado<\/h2>\n\n\n\n<p>A convoca\u00e7\u00e3o dos pr\u00e9-selecionados n\u00e3o tem dia certo j\u00e1 que \u00e9 feita seguindo a ordem de inscri\u00e7\u00e3o, por isso, o Minist\u00e9rio da Educa\u00e7\u00e3o orienta que os candidatos acompanhem o resultado pelo&nbsp;<em>site<\/em>. O pr\u00e9-selecionado deve procurar a institui\u00e7\u00e3o de ensino dois dias \u00fateis ap\u00f3s a inscri\u00e7\u00e3o no ProUni para apresentar a documenta\u00e7\u00e3o exigida para a concess\u00e3o da bolsa de estudos.<\/p>\n\n\n\n<h2 class=\"wp-block-heading\">ProUni 2020\/2<\/h2>\n\n\n\n<p>O ProUni 2020\/2 ofereceu 167.780 bolsas de estudo, dessas 60.551 integrais e 107.229 parciais (50% da mensalidade). Foram recebidas 440.674 inscri\u00e7\u00f5es de 228.444 candidatos.<\/p>\n\n\n\n<p>Por Karine Melo &#8211; Rep\u00f3rter Ag\u00eancia Brasil &#8211; Bras\u00edlia<\/p>\n\n\n\n<p>Edi\u00e7\u00e3o: Val\u00e9ria Aguiar<\/p>\n","protected":false},"excerpt":{"rendered":"<p>S\u00e3o 90 mil vagas. Bolsas podem ser integrais ou parciais Terminam nesta quarta-feira ( 30)<\/p>\n","protected":false},"author":2,"featured_media":1673,"comment_status":"open","ping_status":"open","sticky":false,"template":"","format":"standard","meta":{"footnotes":""},"categories":[19],"tags":[],"class_list":["post-1672","post","type-post","status-publish","format-standard","has-post-thumbnail","hentry","category-educacao"],"_links":{"self":[{"href":"https:\/\/tvc16.com\/portal\/wp-json\/wp\/v2\/posts\/1672","targetHints":{"allow":["GET"]}}],"collection":[{"href":"https:\/\/tvc16.com\/portal\/wp-json\/wp\/v2\/posts"}],"about":[{"href":"https:\/\/tvc16.com\/portal\/wp-json\/wp\/v2\/types\/post"}],"author":[{"embeddable":true,"href":"https:\/\/tvc16.com\/portal\/wp-json\/wp\/v2\/users\/2"}],"replies":[{"embeddable":true,"href":"https:\/\/tvc16.com\/portal\/wp-json\/wp\/v2\/comments?post=1672"}],"version-history":[{"count":1,"href":"https:\/\/tvc16.com\/portal\/wp-json\/wp\/v2\/posts\/1672\/revisions"}],"predecessor-version":[{"id":1674,"href":"https:\/\/tvc16.com\/portal\/wp-json\/wp\/v2\/posts\/1672\/revisions\/1674"}],"wp:featuredmedia":[{"embeddable":true,"href":"https:\/\/tvc16.com\/portal\/wp-json\/wp\/v2\/media\/1673"}],"wp:attachment":[{"href":"https:\/\/tvc16.com\/portal\/wp-json\/wp\/v2\/media?parent=1672"}],"wp:term":[{"taxonomy":"category","embeddable":true,"href":"https:\/\/tvc16.com\/portal\/wp-json\/wp\/v2\/categories?post=1672"},{"taxonomy":"post_tag","embeddable":true,"href":"https:\/\/tvc16.com\/portal\/wp-json\/wp\/v2\/tags?post=1672"}],"curies":[{"name":"wp","href":"https:\/\/api.w.org\/{rel}","templated":true}]}}