{"id":1675,"date":"2020-09-30T21:14:41","date_gmt":"2020-09-30T21:14:41","guid":{"rendered":"https:\/\/tvc16.com\/portal\/?p=1675"},"modified":"2020-09-30T21:15:07","modified_gmt":"2020-09-30T21:15:07","slug":"homem-sofre-ferimentos-graves-apos-colisao-na-br-040","status":"publish","type":"post","link":"https:\/\/tvc16.com\/portal\/2020\/09\/30\/homem-sofre-ferimentos-graves-apos-colisao-na-br-040\/","title":{"rendered":"Homem sofre ferimentos graves ap\u00f3s colis\u00e3o na BR-040"},"content":{"rendered":"\n<p>A colis\u00e3o entre um carro de passeio e uma carreta deixou um homem gravemente ferido, na tarde desta quarta-feira (30), na BR-040. O acidente ocorreu no km 68, na pista sentido Rio de Janeiro, na altura do antigo Caf\u00e9 Sol\u00favel. A v\u00edtima foi encaminhada para o Hospital Santa Teresa (HST). <\/p>\n\n\n\n<figure class=\"wp-block-image size-large\"><img loading=\"lazy\" decoding=\"async\" width=\"1024\" height=\"768\" src=\"https:\/\/tvc16.com\/portal\/wp-content\/uploads\/2020\/09\/120262382_10157340239107161_7626152604857470587_o-1-1024x768.jpg\" alt=\"\" class=\"wp-image-1678\" srcset=\"https:\/\/tvc16.com\/portal\/wp-content\/uploads\/2020\/09\/120262382_10157340239107161_7626152604857470587_o-1-1024x768.jpg 1024w, https:\/\/tvc16.com\/portal\/wp-content\/uploads\/2020\/09\/120262382_10157340239107161_7626152604857470587_o-1-300x225.jpg 300w, https:\/\/tvc16.com\/portal\/wp-content\/uploads\/2020\/09\/120262382_10157340239107161_7626152604857470587_o-1-768x576.jpg 768w, https:\/\/tvc16.com\/portal\/wp-content\/uploads\/2020\/09\/120262382_10157340239107161_7626152604857470587_o-1-200x150.jpg 200w, https:\/\/tvc16.com\/portal\/wp-content\/uploads\/2020\/09\/120262382_10157340239107161_7626152604857470587_o-1.jpg 1280w\" sizes=\"auto, (max-width: 1024px) 100vw, 1024px\" \/><\/figure>\n\n\n\n<p>Sua identidade e estado de sa\u00fade n\u00e3o foram divulgados. De acordo com a Concer &#8211; concession\u00e1ria que administra a rodovia &#8211; n\u00e3o houve reten\u00e7\u00e3o no local do acidente.Foto: Reprodu\u00e7\u00e3o Rede Social.<\/p>\n\n\n\n<p>Fotos: redes sociais <\/p>\n","protected":false},"excerpt":{"rendered":"<p>A colis\u00e3o entre um carro de passeio e uma carreta deixou um homem gravemente ferido,<\/p>\n","protected":false},"author":2,"featured_media":1677,"comment_status":"open","ping_status":"open","sticky":false,"template":"","format":"standard","meta":{"footnotes":""},"categories":[12],"tags":[],"class_list":["post-1675","post","type-post","status-publish","format-standard","has-post-thumbnail","hentry","category-cidade"],"_links":{"self":[{"href":"https:\/\/tvc16.com\/portal\/wp-json\/wp\/v2\/posts\/1675","targetHints":{"allow":["GET"]}}],"collection":[{"href":"https:\/\/tvc16.com\/portal\/wp-json\/wp\/v2\/posts"}],"about":[{"href":"https:\/\/tvc16.com\/portal\/wp-json\/wp\/v2\/types\/post"}],"author":[{"embeddable":true,"href":"https:\/\/tvc16.com\/portal\/wp-json\/wp\/v2\/users\/2"}],"replies":[{"embeddable":true,"href":"https:\/\/tvc16.com\/portal\/wp-json\/wp\/v2\/comments?post=1675"}],"version-history":[{"count":2,"href":"https:\/\/tvc16.com\/portal\/wp-json\/wp\/v2\/posts\/1675\/revisions"}],"predecessor-version":[{"id":1680,"href":"https:\/\/tvc16.com\/portal\/wp-json\/wp\/v2\/posts\/1675\/revisions\/1680"}],"wp:featuredmedia":[{"embeddable":true,"href":"https:\/\/tvc16.com\/portal\/wp-json\/wp\/v2\/media\/1677"}],"wp:attachment":[{"href":"https:\/\/tvc16.com\/portal\/wp-json\/wp\/v2\/media?parent=1675"}],"wp:term":[{"taxonomy":"category","embeddable":true,"href":"https:\/\/tvc16.com\/portal\/wp-json\/wp\/v2\/categories?post=1675"},{"taxonomy":"post_tag","embeddable":true,"href":"https:\/\/tvc16.com\/portal\/wp-json\/wp\/v2\/tags?post=1675"}],"curies":[{"name":"wp","href":"https:\/\/api.w.org\/{rel}","templated":true}]}}