{"id":1685,"date":"2020-09-30T21:24:21","date_gmt":"2020-09-30T21:24:21","guid":{"rendered":"https:\/\/tvc16.com\/portal\/?p=1685"},"modified":"2020-09-30T21:24:21","modified_gmt":"2020-09-30T21:24:21","slug":"petropolis-registra-mais-seis-mortes-por-covid-19","status":"publish","type":"post","link":"https:\/\/tvc16.com\/portal\/2020\/09\/30\/petropolis-registra-mais-seis-mortes-por-covid-19\/","title":{"rendered":"Petr\u00f3polis registra mais seis mortes por Covid-19"},"content":{"rendered":"\n<p>Mais seis mortes causadas pelo novo coronav\u00edrus foram registradas em Petr\u00f3polis nesta quarta-feira (30). Com isso, setembro terminou como o m\u00eas com maior registro de \u00f3bitos desde o in\u00edcio da pandemia na cidade. Ao todo, 57 pessoas morreram, uma m\u00e9dia de quase duas morte por dia. <\/p>\n\n\n\n<p>Segundo a \u00faltima atualiza\u00e7\u00e3o divulgada pela Secretaria Municipal de Sa\u00fade, a cidade soma 232 vitimais fatais. Os pacientes, tr\u00eas homens e tr\u00eas mulheres com idades entre 32 e 97 anos, estavam internados em unidades hospitalares da cidade. S\u00e3o eles:<\/p>\n\n\n\n<p>\u2022 Mulher, de 65 anos, moradora do Alto da Serra. Internou dia 10\/09 e faleceu dia 26\/09 no Hospital Cl\u00ednico de Corr\u00eaas (HCC). Paciente com hipertens\u00e3o arterial.<\/p>\n\n\n\n<p>\u2022 Mulher, de 97 anos, moradora do Quissam\u00e3. Internou dia 20\/09 e faleceu dia 26\/09 no Hospital Cl\u00ednico de Corr\u00eaas (HCC). Paciente com doen\u00e7a respirat\u00f3ria cr\u00f4nica, doen\u00e7a card\u00edaca cr\u00f4nica e doen\u00e7a renal cr\u00f4nica.<\/p>\n\n\n\n<p>\u2022 Mulher, de 88 anos, moradora do Bonfim. Internou dia 19\/09 e faleceu dia 28\/09 no Hospital Municipal Nelson de S\u00e1 Earp (HMNSE). Paciente com AVC.<\/p>\n\n\n\n<p>\u2022 Homem, de 71 anos, morador em situa\u00e7\u00e3o de rua. Internou dia 15\/09 e faleceu dia 29\/09 no Hospital Municipal Nelson de S\u00e1 Earp (HMNSE). Paciente com etilismo.<\/p>\n\n\n\n<p>\u2022 Homem, de 32 anos, morador do Itamarati. Internou dia 25\/09 e faleceu dia 29\/09 no Hospital Nossa Senhora Aparecida (HNSA). Paciente com hipertens\u00e3o arterial e obesidade.<\/p>\n\n\n\n<p>\u2022 Homem, de 65 anos, morador do Roseiral. Internou dia 22\/09 e faleceu dia 29\/09 no Hospital Nossa Senhora Aparecida (HNSA). Paciente com hipertens\u00e3o arterial e diabetes.<\/p>\n\n\n\n<p>De acordo com o boletim epidemiol\u00f3gico, at\u00e9 o momento foram realizados 62.272 testes na cidade. Deste total, 54.887 resultaram negativos, 6.853 positivos e 532 est\u00e3o em an\u00e1lise, entre PCR e testes r\u00e1pidos. H\u00e1 65 pacientes internados na cidade, podendo ser casos positivos ou em investiga\u00e7\u00e3o esperando o resultado do teste. <\/p>\n\n\n\n<p>Petr\u00f3polis contabiliza, ainda, 4.737 pessoas recuperadas do coronav\u00edrus. Esse n\u00famero se refere \u00e0s pessoas que estiveram internadas nas unidades hospitalares da cidade ou que se mantiveram em isolamento domiciliar e que, hoje, n\u00e3o apresentam mais os principais sintomas da doen\u00e7a.<\/p>\n\n\n\n<p>Nesta quarta-feira (30), o munic\u00edpio contabiliza pelo SUS 27,78% dos leitos cl\u00ednicos e 32,32% de UTI ocupados com pacientes infectados com coronav\u00edrus.<\/p>\n","protected":false},"excerpt":{"rendered":"<p>Mais seis mortes causadas pelo novo coronav\u00edrus foram registradas em Petr\u00f3polis nesta quarta-feira (30). Com<\/p>\n","protected":false},"author":2,"featured_media":1686,"comment_status":"open","ping_status":"open","sticky":false,"template":"","format":"standard","meta":{"footnotes":""},"categories":[12],"tags":[],"class_list":["post-1685","post","type-post","status-publish","format-standard","has-post-thumbnail","hentry","category-cidade"],"_links":{"self":[{"href":"https:\/\/tvc16.com\/portal\/wp-json\/wp\/v2\/posts\/1685","targetHints":{"allow":["GET"]}}],"collection":[{"href":"https:\/\/tvc16.com\/portal\/wp-json\/wp\/v2\/posts"}],"about":[{"href":"https:\/\/tvc16.com\/portal\/wp-json\/wp\/v2\/types\/post"}],"author":[{"embeddable":true,"href":"https:\/\/tvc16.com\/portal\/wp-json\/wp\/v2\/users\/2"}],"replies":[{"embeddable":true,"href":"https:\/\/tvc16.com\/portal\/wp-json\/wp\/v2\/comments?post=1685"}],"version-history":[{"count":1,"href":"https:\/\/tvc16.com\/portal\/wp-json\/wp\/v2\/posts\/1685\/revisions"}],"predecessor-version":[{"id":1687,"href":"https:\/\/tvc16.com\/portal\/wp-json\/wp\/v2\/posts\/1685\/revisions\/1687"}],"wp:featuredmedia":[{"embeddable":true,"href":"https:\/\/tvc16.com\/portal\/wp-json\/wp\/v2\/media\/1686"}],"wp:attachment":[{"href":"https:\/\/tvc16.com\/portal\/wp-json\/wp\/v2\/media?parent=1685"}],"wp:term":[{"taxonomy":"category","embeddable":true,"href":"https:\/\/tvc16.com\/portal\/wp-json\/wp\/v2\/categories?post=1685"},{"taxonomy":"post_tag","embeddable":true,"href":"https:\/\/tvc16.com\/portal\/wp-json\/wp\/v2\/tags?post=1685"}],"curies":[{"name":"wp","href":"https:\/\/api.w.org\/{rel}","templated":true}]}}