{"id":1707,"date":"2020-10-01T16:23:23","date_gmt":"2020-10-01T16:23:23","guid":{"rendered":"https:\/\/tvc16.com\/portal\/?p=1707"},"modified":"2020-10-01T16:23:23","modified_gmt":"2020-10-01T16:23:23","slug":"saude-promove-dia-d-de-conscientizacao-contra-o-cancer-de-mama","status":"publish","type":"post","link":"https:\/\/tvc16.com\/portal\/2020\/10\/01\/saude-promove-dia-d-de-conscientizacao-contra-o-cancer-de-mama\/","title":{"rendered":"Sa\u00fade promove Dia D de conscientiza\u00e7\u00e3o contra o c\u00e2ncer de mama"},"content":{"rendered":"\n<p>A Secretaria de Sa\u00fade informa, atrav\u00e9s da \u00c1rea T\u00e9cnica da Sa\u00fade da Mulher, que ser\u00e1 realizada mais uma Campanha do Outubro Rosa, entre os dias 19 e 23 de outubro. A campanha ter\u00e1 o dia 24 de outubro como o Dia D. Na campanha ser\u00e3o realizadas consultas ginecol\u00f3gicas, exames de mama e coleta de preventivo. Todas as consultas ser\u00e3o agendadas e ter\u00e3o intervalo m\u00ednimo de 30 minutos para que sejam evitadas as aglomera\u00e7\u00f5es e realizadas limpeza e higieniza\u00e7\u00e3o dos consult\u00f3rios.<\/p>\n\n\n\n<p><br>As consultas ser\u00e3o realizadas em todas as Unidades de Sa\u00fade, tais como Postos de Sa\u00fade da Fam\u00edlia, Unidades B\u00e1sicas de Sa\u00fade, Centro de Sa\u00fade e Ambulat\u00f3rio Escola do Hospital Alcides Carneiro. Todas as consultas j\u00e1 est\u00e3o abertas para marca\u00e7\u00e3o e devem ser previamente agendadas nas unidades de sa\u00fade. <\/p>\n\n\n\n<p>Exames de mamografia da Campanha Outubro Rosa ser\u00e3o realizados, inicialmente, no Instituto Petropolitano, no Centro da cidade. Outros locais est\u00e3o sendo avaliados pela Secretaria de Sa\u00fade.<\/p>\n","protected":false},"excerpt":{"rendered":"<p>A Secretaria de Sa\u00fade informa, atrav\u00e9s da \u00c1rea T\u00e9cnica da Sa\u00fade da Mulher, que ser\u00e1<\/p>\n","protected":false},"author":2,"featured_media":1708,"comment_status":"open","ping_status":"open","sticky":false,"template":"","format":"standard","meta":{"footnotes":""},"categories":[12],"tags":[],"class_list":["post-1707","post","type-post","status-publish","format-standard","has-post-thumbnail","hentry","category-cidade"],"_links":{"self":[{"href":"https:\/\/tvc16.com\/portal\/wp-json\/wp\/v2\/posts\/1707","targetHints":{"allow":["GET"]}}],"collection":[{"href":"https:\/\/tvc16.com\/portal\/wp-json\/wp\/v2\/posts"}],"about":[{"href":"https:\/\/tvc16.com\/portal\/wp-json\/wp\/v2\/types\/post"}],"author":[{"embeddable":true,"href":"https:\/\/tvc16.com\/portal\/wp-json\/wp\/v2\/users\/2"}],"replies":[{"embeddable":true,"href":"https:\/\/tvc16.com\/portal\/wp-json\/wp\/v2\/comments?post=1707"}],"version-history":[{"count":1,"href":"https:\/\/tvc16.com\/portal\/wp-json\/wp\/v2\/posts\/1707\/revisions"}],"predecessor-version":[{"id":1709,"href":"https:\/\/tvc16.com\/portal\/wp-json\/wp\/v2\/posts\/1707\/revisions\/1709"}],"wp:featuredmedia":[{"embeddable":true,"href":"https:\/\/tvc16.com\/portal\/wp-json\/wp\/v2\/media\/1708"}],"wp:attachment":[{"href":"https:\/\/tvc16.com\/portal\/wp-json\/wp\/v2\/media?parent=1707"}],"wp:term":[{"taxonomy":"category","embeddable":true,"href":"https:\/\/tvc16.com\/portal\/wp-json\/wp\/v2\/categories?post=1707"},{"taxonomy":"post_tag","embeddable":true,"href":"https:\/\/tvc16.com\/portal\/wp-json\/wp\/v2\/tags?post=1707"}],"curies":[{"name":"wp","href":"https:\/\/api.w.org\/{rel}","templated":true}]}}