{"id":1710,"date":"2020-10-01T16:40:03","date_gmt":"2020-10-01T16:40:03","guid":{"rendered":"https:\/\/tvc16.com\/portal\/?p=1710"},"modified":"2020-10-01T16:40:03","modified_gmt":"2020-10-01T16:40:03","slug":"espanha-anuncia-novas-restricoes-contra-a-covid-19-em-madri","status":"publish","type":"post","link":"https:\/\/tvc16.com\/portal\/2020\/10\/01\/espanha-anuncia-novas-restricoes-contra-a-covid-19-em-madri\/","title":{"rendered":"Espanha anuncia novas restri\u00e7\u00f5es contra a covid-19 em Madri"},"content":{"rendered":"\n<p>Novas regras entram em vigor nos pr\u00f3ximos dias<\/p>\n\n\n\n<p>Os moradores de Madri devem ser impedidos de deixar a cidade, a n\u00e3o ser para viagens essenciais, por causa das novas restri\u00e7\u00f5es contra o novo coronav\u00edrus anunciadas pelo governo da Espanha.&nbsp;<img decoding=\"async\" src=\"https:\/\/agenciabrasil.ebc.com.br\/ebc.png?id=1389430&amp;o=node\"><img decoding=\"async\" src=\"https:\/\/agenciabrasil.ebc.com.br\/ebc.gif?id=1389430&amp;o=node\"><\/p>\n\n\n\n<p>Os limites da cidade tamb\u00e9m ser\u00e3o fechados para visitas desnecess\u00e1rias de pessoas de fora, sob as novas medidas para grandes munic\u00edpios com \u00edndices altos de infec\u00e7\u00e3o. Mais nove cidades da \u00e1rea metropolitana tamb\u00e9m ser\u00e3o afetadas.<\/p>\n\n\n\n<p>&#8220;A sa\u00fade de Madri \u00e9 a sa\u00fade da Espanha. Madri \u00e9 especial&#8221;, disse o ministro da Sa\u00fade, Salvador Illa, em entrevista coletiva para anunciar as novas regras, que devem entrar em vigor nos pr\u00f3ximos dias.<\/p>\n\n\n\n<p>As pessoas&nbsp;ter\u00e3o permiss\u00e3o para cruzar fronteiras municipais para ir trabalhar e estudar, visitar o m\u00e9dico ou fazer compras, mas precisam permanecer dentro da cidade para atividades de lazer, segundo o acordo.<\/p>\n\n\n\n<p>Entre as medidas est\u00e3o o fechamento de bares e restaurantes \u00e0s 23h, a diferen\u00e7a do toque de recolher anterior da 1h, e de parques p\u00fablicos e de divers\u00e3o. As reuni\u00f5es sociais ser\u00e3o limitadas a seis pessoas.<\/p>\n\n\n\n<p>Atualmente foco de infec\u00e7\u00f5es, a regi\u00e3o de Madri responde por mais de um&nbsp;ter\u00e7o dos 133.604 casos diagnosticados no pa\u00eds ao longo das \u00faltimas duas semanas.<\/p>\n\n\n\n<p>A assembleia regional conservadora j\u00e1 aplicou isolamentos localizados em 45 distritos, mas vem se desentendendo com o governo central, que defende um&nbsp;lockdown&nbsp;em toda a capital.<\/p>\n\n\n\n<p>A Espanha j\u00e1 registrou um total de 769.188 casos, mais do que qualquer na\u00e7\u00e3o da Europa Ocidental, e acumula 31.791 mortes.<\/p>\n\n\n\n<p>Por Nathan Allen e Bel\u00e9n Carre\u00f1o &#8211; Rep\u00f3rteres da Reuters &#8211; Madri<\/p>\n","protected":false},"excerpt":{"rendered":"<p>Novas regras entram em vigor nos pr\u00f3ximos dias Os moradores de Madri devem ser impedidos<\/p>\n","protected":false},"author":2,"featured_media":1711,"comment_status":"open","ping_status":"open","sticky":false,"template":"","format":"standard","meta":{"footnotes":""},"categories":[22],"tags":[],"class_list":["post-1710","post","type-post","status-publish","format-standard","has-post-thumbnail","hentry","category-internacional"],"_links":{"self":[{"href":"https:\/\/tvc16.com\/portal\/wp-json\/wp\/v2\/posts\/1710","targetHints":{"allow":["GET"]}}],"collection":[{"href":"https:\/\/tvc16.com\/portal\/wp-json\/wp\/v2\/posts"}],"about":[{"href":"https:\/\/tvc16.com\/portal\/wp-json\/wp\/v2\/types\/post"}],"author":[{"embeddable":true,"href":"https:\/\/tvc16.com\/portal\/wp-json\/wp\/v2\/users\/2"}],"replies":[{"embeddable":true,"href":"https:\/\/tvc16.com\/portal\/wp-json\/wp\/v2\/comments?post=1710"}],"version-history":[{"count":1,"href":"https:\/\/tvc16.com\/portal\/wp-json\/wp\/v2\/posts\/1710\/revisions"}],"predecessor-version":[{"id":1712,"href":"https:\/\/tvc16.com\/portal\/wp-json\/wp\/v2\/posts\/1710\/revisions\/1712"}],"wp:featuredmedia":[{"embeddable":true,"href":"https:\/\/tvc16.com\/portal\/wp-json\/wp\/v2\/media\/1711"}],"wp:attachment":[{"href":"https:\/\/tvc16.com\/portal\/wp-json\/wp\/v2\/media?parent=1710"}],"wp:term":[{"taxonomy":"category","embeddable":true,"href":"https:\/\/tvc16.com\/portal\/wp-json\/wp\/v2\/categories?post=1710"},{"taxonomy":"post_tag","embeddable":true,"href":"https:\/\/tvc16.com\/portal\/wp-json\/wp\/v2\/tags?post=1710"}],"curies":[{"name":"wp","href":"https:\/\/api.w.org\/{rel}","templated":true}]}}