{"id":1713,"date":"2020-10-01T16:42:26","date_gmt":"2020-10-01T16:42:26","guid":{"rendered":"https:\/\/tvc16.com\/portal\/?p=1713"},"modified":"2020-10-01T16:42:26","modified_gmt":"2020-10-01T16:42:26","slug":"africa-surpreende-com-baixas-taxas-de-covid-19","status":"publish","type":"post","link":"https:\/\/tvc16.com\/portal\/2020\/10\/01\/africa-surpreende-com-baixas-taxas-de-covid-19\/","title":{"rendered":"\u00c1frica surpreende com baixas taxas de covid-19"},"content":{"rendered":"\n<p>Incid\u00eancia da doen\u00e7a \u00e9 de 125 casos por 100 mil habitantes<\/p>\n\n\n\n<p>Passados oito meses do in\u00edcio da pandemia de covid-19, com a marca de 1 milh\u00e3o de pessoas mortas pela doen\u00e7a em todo o mundo&nbsp;e 33,5 milh\u00f5es de casos, o Continente Africano chama a aten\u00e7\u00e3o por sua relativa baixa taxa de contamina\u00e7\u00e3o e mortes. Ap\u00f3s atingir o pico dos registros por semana no fim&nbsp;de julho&nbsp;e&nbsp;ter&nbsp;a expectativa de&nbsp;se&nbsp;tornar&nbsp;o novo&nbsp;<a href=\"https:\/\/agenciabrasil.ebc.com.br\/saude\/noticia\/2020-07\/continente-africano-se-prepara-para-enfrentar-pico-da-pandemia\" target=\"_blank\" rel=\"noreferrer noopener\">epicentro da pandemia<\/a>,&nbsp;depois das Am\u00e9ricas,&nbsp;os casos na \u00c1frica v\u00eam diminuindo desde ent\u00e3o.<img decoding=\"async\" src=\"https:\/\/agenciabrasil.ebc.com.br\/ebc.png?id=1389433&amp;o=node\"><img decoding=\"async\" src=\"https:\/\/agenciabrasil.ebc.com.br\/ebc.gif?id=1389433&amp;o=node\"><\/p>\n\n\n\n<p>O continente como um todo&nbsp;tem popula\u00e7\u00e3o de 1,2 bilh\u00e3o de pessoas e&nbsp;registra,&nbsp;at\u00e9 o momento, cerca de&nbsp;1,5 milh\u00e3o de casos&nbsp;de covid-19,&nbsp;segundo&nbsp;<a href=\"https:\/\/africacdc.org\/covid-19\/\" target=\"_blank\" rel=\"noreferrer noopener\">dados do<\/a>&nbsp;<a href=\"https:\/\/africacdc.org\/covid-19\/\" target=\"_blank\" rel=\"noreferrer noopener\">Africa Centres<\/a>&nbsp;for Disease Control and Prevention (CDC \u00c1frica). O n\u00famero \u00e9&nbsp;menos de&nbsp;um&nbsp;ter\u00e7o do&nbsp;registrado no&nbsp;Brasil,&nbsp;que tem 210 milh\u00f5es de habitantes,&nbsp;popula\u00e7\u00e3o seis vezes menor.&nbsp;Ou seja, a \u00c1frica est\u00e1 com uma taxa de incid\u00eancia da doen\u00e7a de 125 casos por 100 mil habitantes, enquanto no Brasil a taxa \u00e9 de 2.258, segundo dados do Minist\u00e9rio da Sa\u00fade.<\/p>\n\n\n\n<p>Nos \u00f3bitos pela doen\u00e7a, os registros&nbsp;na \u00c1frica&nbsp;est\u00e3o perto de&nbsp;36&nbsp;mil,&nbsp;pouco mais do que&nbsp;no estado de S\u00e3o Paulo,&nbsp;que tem popula\u00e7\u00e3o de 46 milh\u00f5es.&nbsp;A taxa de mortalidade&nbsp;por covid-19&nbsp;no Brasil est\u00e1 em 67,6 por 100 mil habitantes e a letalidade da doen\u00e7a \u00e9 de 3%. No Continente Africano, a mortalidade por covid-19 \u00e9 de&nbsp;3&nbsp;por 100 mil habitantes e a letalidade da doen\u00e7a de&nbsp;2,4%.<\/p>\n\n\n\n<p>Os n\u00fameros mundiais indicam uma taxa de 430,9 por&nbsp;100 mil&nbsp;habitantes e 12,92 mortes por&nbsp;100 mil, segundo o&nbsp;<a href=\"https:\/\/www.worldometers.info\/coronavirus\/\" target=\"_blank\" rel=\"noreferrer noopener\">Wordometer<\/a>, com letalidade de 4%.<\/p>\n\n\n\n<figure class=\"wp-block-image\"><img decoding=\"async\" src=\"https:\/\/imagens.ebc.com.br\/GLJBMHskAHSiR6AT4064MJFeuk0=\/754x0\/smart\/https:\/\/agenciabrasil.ebc.com.br\/sites\/default\/files\/thumbnails\/image\/africa_covid.png?itok=MAz2Uc7y\" alt=\"sa\u00fade, \u00c1frica, covid-19\" title=\"Divulga\u00e7\u00e3o\/Minist\u00e9rio da Sa\u00fade\"\/><\/figure>\n\n\n\n<h2 class=\"wp-block-heading\">Explica\u00e7\u00f5es<\/h2>\n\n\n\n<p>De acordo com o pesquisador do Centro de Rela\u00e7\u00f5es Internacionais em Sa\u00fade da Funda\u00e7\u00e3o Oswaldo Cruz (Cris-Fiocruz) Augusto Paulo Silva, j\u00e1 \u00e9 um consenso mundial que a situa\u00e7\u00e3o da covid-19 na \u00c1frica \u00e9 peculiar e surpreendente. Ele credita a baixa taxa de contamina\u00e7\u00e3o no continente a pelo menos quatro fatores, um deles a capacidade de resposta a epidemias.<\/p>\n\n\n\n<p>\u201cH\u00e1 v\u00e1rias hip\u00f3teses, n\u00e3o s\u00e3o explica\u00e7\u00f5es assertivas. Mas uma das explica\u00e7\u00f5es mais plaus\u00edveis \u00e9 que muitos pa\u00edses africanos j\u00e1 v\u00eam enfrentando outras epidemias,&nbsp;em&nbsp;algumas partes \u00e9 o c\u00f3lera, outras o ebola, que at\u00e9 recentemente estava na Rep\u00fablica Democr\u00e1tica do Congo, em 2014 houve ebola na Lib\u00e9ria, Sierra Leoa e na Guin\u00e9&nbsp;Equatorial. Com isso, essas grandes epidemias fizeram com que muitos pa\u00edses africanos tivessem planos de emerg\u00eancia\u201d.<\/p>\n\n\n\n<p>Outra explica\u00e7\u00e3o,&nbsp;de acordo com o pesquisador, \u00e9&nbsp;a imunidade da&nbsp;popula\u00e7\u00e3o,&nbsp;afetada por&nbsp;outras doen\u00e7as. \u201cPorque as pessoas&nbsp;que sofrem&nbsp;daquela forma acabam por criar certas imunidades, por causa do tratamento de doen\u00e7as como&nbsp;a mal\u00e1ria, que tem muita preval\u00eancia na regi\u00e3o, e de outras&#8221;.<\/p>\n\n\n\n<p>A terceira&nbsp;possibilidade \u00e9 o fator et\u00e1rio, ou seja, a&nbsp;popula\u00e7\u00e3o africana \u00e9 mais jovem&nbsp;do que a m\u00e9dia mundial&nbsp;e a covid-19 tem demonstrado uma incid\u00eancia maior entre pessoas mais velhas. Silva lembra tamb\u00e9m o baixo desenvolvimento de muitos pa\u00edses,&nbsp;principalmente na regi\u00e3o central do continente, o&nbsp;que leva&nbsp;essas regi\u00f5es a&nbsp;terem&nbsp;poucas conex\u00f5es internacionais.<\/p>\n\n\n\n<p>\u201cA&nbsp;quarta&nbsp;explica\u00e7\u00e3o \u00e9 que muitos pa\u00edses n\u00e3o t\u00eam aquela intensidade de comunica\u00e7\u00e3o e contato com o exterior. Se for ver o n\u00famero de casos nesses pa\u00edses, s\u00e3o mais elevados nos que t\u00eam maior \u00edndice de desenvolvimento, como&nbsp;a&nbsp;\u00c1frica do Sul, o&nbsp;Egito,&nbsp;a&nbsp;Arg\u00e9lia. O que significa que o n\u00edvel de desenvolvimento permite o contato com o exterior e o cont\u00e1gio \u00e9 feito por meio dessas&nbsp;liga\u00e7\u00f5es e comunica\u00e7\u00f5es com o exterior, acho que s\u00e3o essas as explica\u00e7\u00f5es\u201d.<\/p>\n\n\n\n<p>De acordo com a OMS\/Afro, foram implantadas com sucesso&nbsp;na regi\u00e3o&nbsp;as medidas de sa\u00fade p\u00fablica&nbsp;para \u201cencontrar, testar, isolar e tratar as pessoas com covid-19, rastrear e colocar em quarentena os seus contatos\u201d.&nbsp;Apesar da perspectiva&nbsp;de queda na curva de cont\u00e1gio, o pesquisador destaca que n\u00e3o h\u00e1 espa\u00e7o para relaxar na vigil\u00e2ncia, j\u00e1 que se trata de um v\u00edrus novo sobre o qual ainda n\u00e3o h\u00e1 conhecimento consolidado.<\/p>\n\n\n\n<p>\u201cEm qualquer epidemia s\u00e3o v\u00e1rias fases. No Continente Africano entramos na fase de abertura, ent\u00e3o n\u00e3o sabemos se aquela curva vai continuar descendente ou n\u00e3o. Temos que ver aqueles pa\u00edses que n\u00e3o foram muito afetados, se essas curvas v\u00e3o aumentar por causa dessa abertura. N\u00e3o se pode fechar os pa\u00edses durante muito tempo. Ent\u00e3o a\u00ed a quest\u00e3o do rastreio vai ser fundamental para poder seguir, tem que ficar vigilante\u201d.<\/p>\n\n\n\n<p>Al\u00e9m da covid-19, Silva destaca que no dia&nbsp;25 de agosto&nbsp;ocorreu de forma virtual a 70\u00aa sess\u00e3o do Comit\u00ea&nbsp;Regional Africano da OMS, na qual foi celebrada a erradica\u00e7\u00e3o do Poliov\u00edrus Selvagem na \u00c1frica.&nbsp;Tamb\u00e9m durante a pandemia, a&nbsp;Rep\u00fablica Democr\u00e1tica do Congo&nbsp;recebeu o certificado de erradica\u00e7\u00e3o do ebola.<\/p>\n\n\n\n<h2 class=\"wp-block-heading\">Panorama mundial<\/h2>\n\n\n\n<p>Segundo o \u00faltimo boletim&nbsp;<em>Panorama da Resposta Global \u00e0 Covid-19<\/em>, do Centro de Rela\u00e7\u00f5es Internacionais em Sa\u00fade da&nbsp;<a href=\"https:\/\/portal.fiocruz.br\/sites\/portal.fiocruz.br\/files\/documentos\/cris_informe_17.pdf\" target=\"_blank\" rel=\"noreferrer noopener\">Funda\u00e7\u00e3o Oswaldo Cruz&nbsp;<\/a>(Cris-Fiocruz),&nbsp;o n\u00famero de mortes tem diminu\u00eddo devido \u00e0 maior experi\u00eancia no&nbsp;manejo cl\u00ednico-terap\u00eautico da doen\u00e7a. Por\u00e9m, o centro destaca que a prioridade ainda \u00e9 \u201cconter a pandemia\u201d, que imp\u00f4s um quadro \u201cquase apocal\u00edptico\u201d em oito meses de dura\u00e7\u00e3o at\u00e9 o momento.<\/p>\n\n\n\n<p>\u201cBilh\u00f5es de pessoas em isolamento social, economias paralisadas e em decl\u00ednio, bilh\u00f5es sem trabalho, amplifica\u00e7\u00e3o da pobreza e das desigualdades, empresas destro\u00e7adas, amea\u00e7as de crise alimentar, poucas esperan\u00e7as no horizonte propiciadas pela ci\u00eancia: ainda nenhum medicamento, nove vacinas em finaliza\u00e7\u00e3o, mas sem certezas quanto \u00e0 sua efic\u00e1cia. O mundo tenta se reinventar, mas a prioridade ainda \u00e9 conter a pandemia\u201d, destaca o boletim.<\/p>\n\n\n\n<p>Segundo dados da&nbsp;Organiza\u00e7\u00e3o Mundial da Sa\u00fade&nbsp;(OMS), o n\u00famero de casos de covid-19 registrados por semana apresentou em setembro um leve decl\u00ednio nas Am\u00e9ricas, mas se mantendo est\u00e1vel em um n\u00edvel ainda muito alto e permanecendo como epicentro da pandemia. Em julho e agosto, a regi\u00e3o registrou 64% das mortes por covid-19 no mundo, embora responda por apenas 13% da popula\u00e7\u00e3o global. O v\u00edrus aumentou a circula\u00e7\u00e3o no Caribe em&nbsp;agosto&nbsp;e, nas \u00faltimas semanas,&nbsp;em alguns pa\u00edses da Am\u00e9rica do Sul, como Col\u00f4mbia e Argentina,&nbsp;al\u00e9m do&nbsp;aumento da taxa de mortalidade no M\u00e9xico.<\/p>\n\n\n\n<p>O Sudeste Asi\u00e1tico segue com aumento crescente desde julho, com a \u00cdndia&nbsp;atualmente&nbsp;em segundo lugar no n\u00famero total de casos, atr\u00e1s dos Estados Unidos e passando o Brasil, e em terceiro em n\u00famero de mortes. A Europa registrou diminui\u00e7\u00e3o no ritmo de cont\u00e1gio entre junho e julho e, a partir&nbsp;de agosto,&nbsp;v\u00ea os&nbsp;<a href=\"https:\/\/agenciabrasil.ebc.com.br\/saude\/noticia\/2020-09\/primeira-onda-da-covid-19-deve-acabar-em-outubro-diz-estudo-da-uff\" target=\"_blank\" rel=\"noreferrer noopener\">casos aumentarem<\/a>&nbsp;rapidamente,&nbsp;com a proximidade do inverno no Hemisf\u00e9rio Norte,&nbsp;podendo indicar o in\u00edcio da&nbsp;segunda&nbsp;onda da pandemia&nbsp;no continente.<\/p>\n\n\n\n<p>Na \u00c1frica, o pico dos cont\u00e1gios ocorreu no fim&nbsp;de julho&nbsp;e a tend\u00eancia atual \u00e9 de queda nos registros.&nbsp;Segundo Silva, o CDC \u00c1frica, lan\u00e7ou, em parceria com o Projeto de Melhoria do Regulamento Sanit\u00e1rio Internacional (RSI) da Sa\u00fade P\u00fablica de Inglaterra (PHE), a ferramenta AVoHC Net, que vai facilitar a implanta\u00e7\u00e3o e administra\u00e7\u00e3o de um grupo de trabalho para emerg\u00eancias de sa\u00fade p\u00fablica em todo o continente. O mecanismo foi autorizado ap\u00f3s o surto de ebola em 2014 e vai auxiliar na emerg\u00eancia da covid-19.<\/p>\n\n\n\n<p>Quanto aos \u00f3bitos totais globais, o pico de registros por semana ocorreu no come\u00e7o&nbsp;de abril, segundo&nbsp;os dados consolidados da&nbsp;OMS, tendo ca\u00eddo at\u00e9 o in\u00edcio&nbsp;de junho&nbsp;e voltado a subir a partir de ent\u00e3o, se mantendo em n\u00edveis altos, mas sem atingir novamente o pico.<\/p>\n\n\n\n<p>Por Akemi Nitahara &#8211; Rep\u00f3rter da Ag\u00eancia Brasil &#8211; Rio de Janeiro<\/p>\n\n\n\n<p>Edi\u00e7\u00e3o: Gra\u00e7a Adjuto<\/p>\n","protected":false},"excerpt":{"rendered":"<p>Incid\u00eancia da doen\u00e7a \u00e9 de 125 casos por 100 mil habitantes Passados oito meses do<\/p>\n","protected":false},"author":2,"featured_media":1714,"comment_status":"open","ping_status":"open","sticky":false,"template":"","format":"standard","meta":{"footnotes":""},"categories":[22],"tags":[],"class_list":["post-1713","post","type-post","status-publish","format-standard","has-post-thumbnail","hentry","category-internacional"],"_links":{"self":[{"href":"https:\/\/tvc16.com\/portal\/wp-json\/wp\/v2\/posts\/1713","targetHints":{"allow":["GET"]}}],"collection":[{"href":"https:\/\/tvc16.com\/portal\/wp-json\/wp\/v2\/posts"}],"about":[{"href":"https:\/\/tvc16.com\/portal\/wp-json\/wp\/v2\/types\/post"}],"author":[{"embeddable":true,"href":"https:\/\/tvc16.com\/portal\/wp-json\/wp\/v2\/users\/2"}],"replies":[{"embeddable":true,"href":"https:\/\/tvc16.com\/portal\/wp-json\/wp\/v2\/comments?post=1713"}],"version-history":[{"count":1,"href":"https:\/\/tvc16.com\/portal\/wp-json\/wp\/v2\/posts\/1713\/revisions"}],"predecessor-version":[{"id":1715,"href":"https:\/\/tvc16.com\/portal\/wp-json\/wp\/v2\/posts\/1713\/revisions\/1715"}],"wp:featuredmedia":[{"embeddable":true,"href":"https:\/\/tvc16.com\/portal\/wp-json\/wp\/v2\/media\/1714"}],"wp:attachment":[{"href":"https:\/\/tvc16.com\/portal\/wp-json\/wp\/v2\/media?parent=1713"}],"wp:term":[{"taxonomy":"category","embeddable":true,"href":"https:\/\/tvc16.com\/portal\/wp-json\/wp\/v2\/categories?post=1713"},{"taxonomy":"post_tag","embeddable":true,"href":"https:\/\/tvc16.com\/portal\/wp-json\/wp\/v2\/tags?post=1713"}],"curies":[{"name":"wp","href":"https:\/\/api.w.org\/{rel}","templated":true}]}}