{"id":1719,"date":"2020-10-01T16:48:05","date_gmt":"2020-10-01T16:48:05","guid":{"rendered":"https:\/\/tvc16.com\/portal\/?p=1719"},"modified":"2020-10-01T16:48:05","modified_gmt":"2020-10-01T16:48:05","slug":"caixa-libera-o-auxilio-emergencial-para-nascidos-em-abril","status":"publish","type":"post","link":"https:\/\/tvc16.com\/portal\/2020\/10\/01\/caixa-libera-o-auxilio-emergencial-para-nascidos-em-abril\/","title":{"rendered":"Caixa libera o aux\u00edlio emergencial para nascidos em abril"},"content":{"rendered":"\n<p>Benefici\u00e1rios poder\u00e3o sacar ao menos uma das cinco parcelas<\/p>\n\n\n\n<p>Os saques e transfer\u00eancias do aux\u00edlio emergencial de R$ 600 para aniversariantes de abril est\u00e3o liberados a partir desta quinta-feira (1\u00ba). A autoriza\u00e7\u00e3o vale para quem se inscreveu pelo aplicativo ou site, nas ag\u00eancias dos Correios, ou que j\u00e1 estava no Cadastro \u00danico mas n\u00e3o \u00e9 benefici\u00e1rio do Bolsa Fam\u00edlia. O dinheiro havia sido depositado em poupan\u00e7a digital da Caixa, mas s\u00f3 podia ser movimentado pelo aplicativo Caixa Tem &#8211; dispon\u00edvel para Android e iOS &#8211; para o pagamento de contas e boletos e compras por meio de cart\u00e3o virtual.<img decoding=\"async\" src=\"https:\/\/agenciabrasil.ebc.com.br\/ebc.png?id=1389445&amp;o=node\"><img decoding=\"async\" src=\"https:\/\/agenciabrasil.ebc.com.br\/ebc.gif?id=1389445&amp;o=node\"><\/p>\n\n\n\n<p>A partir de hoje (1\u00ba), nascidos de janeiro a abril est\u00e3o autorizados a sacar o que restou do saldo em ag\u00eancias da Caixa. Os benefici\u00e1rios poder\u00e3o sacar pelo menos uma das cinco primeiras parcelas, a depender da data em que teve o cadastro aprovado. O dinheiro liberado hoje para saque e transfer\u00eancia faz parte do Ciclo 2 de pagamentos que foram depositados em poupan\u00e7a digital da Caixa em 9 de setembro.<\/p>\n\n\n\n<p>Nesse grupo, est\u00e3o pessoas que aguardam diferentes parcelas do aux\u00edlio. H\u00e1 tamb\u00e9m pessoas que tiveram o benef\u00edcio negado e, por isso, apresentaram contesta\u00e7\u00e3o. Ap\u00f3s uma nova an\u00e1lise, o aux\u00edlio foi concedido. Outros come\u00e7aram a receber o pagamento, mas passaram por uma reavalia\u00e7\u00e3o, tendo o benef\u00edcio suspenso. O valor, no entanto, foi posteriormente liberado. O pagamento das parcelas extras de R$ 300 para esses trabalhadores ainda n\u00e3o come\u00e7ou.<\/p>\n\n\n\n<h2 class=\"wp-block-heading\">Calend\u00e1rio do Ciclo 2<\/h2>\n\n\n\n<p>&#8211; Quem recebeu o cr\u00e9dito da primeira parcela em abril de 2020 &#8211; ter\u00e1 a quinta parcela<\/p>\n\n\n\n<p>&#8211; Quem recebeu o cr\u00e9dito da primeira parcela em maio de 2020 &#8211; ter\u00e1 a quarta parcela<\/p>\n\n\n\n<p>&#8211; Quem recebeu o cr\u00e9dito da primeira parcela em junho de 2020 &#8211; ter\u00e1 a terceira parcela<\/p>\n\n\n\n<p>&#8211; Quem recebeu o cr\u00e9dito da primeira parcela em julho de 2020 &#8211; ter\u00e1 a segunda parcela<\/p>\n\n\n\n<p>&#8211; Quem se inscreveu pelos Correios ou teve o benef\u00edcio negado e apresentou contesta\u00e7\u00e3o &#8211; receber\u00e1 a primeira parcela<\/p>\n\n\n\n<p>&#8211; Libera\u00e7\u00e3o para quem teve o aux\u00edlio reavaliado em julho ou agosto e liberado para a continuidade do pagamento<\/p>\n\n\n\n<h2 class=\"wp-block-heading\">Libera\u00e7\u00e3o de saque e transfer\u00eancia do Ciclo 2<\/h2>\n\n\n\n<p>19 de setembro &#8211; nascidos em janeiro<\/p>\n\n\n\n<p>22 de setembro &#8211; nascidos em fevereiro<\/p>\n\n\n\n<p>29 de setembro &#8211; nascidos em mar\u00e7o<\/p>\n\n\n\n<p>1\u00ba de outubro &#8211; nascidos em abril<\/p>\n\n\n\n<p>3 de outubro &#8211; nascidos em maio<\/p>\n\n\n\n<p>6 de outubro &#8211; nascidos em junho<\/p>\n\n\n\n<p>8 de outubro &#8211; nascidos em julho<\/p>\n\n\n\n<p>13 de outubro &#8211; nascidos em agosto<\/p>\n\n\n\n<p>15 de outubro &#8211; nascidos em setembro<\/p>\n\n\n\n<p>20 de outubro &#8211; nascidos em outubro<\/p>\n\n\n\n<p>22 de outubro &#8211; nascidos em novembro<\/p>\n\n\n\n<p>27 de outubro &#8211; nascidos em dezembro<\/p>\n\n\n\n<p>Edi\u00e7\u00e3o: Fernando Fraga<\/p>\n\n\n\n<p>Por Karine Melo &#8211; Rep\u00f3rter Ag\u00eancia Brasil &#8211; Bras\u00edlia<\/p>\n","protected":false},"excerpt":{"rendered":"<p>Benefici\u00e1rios poder\u00e3o sacar ao menos uma das cinco parcelas Os saques e transfer\u00eancias do aux\u00edlio<\/p>\n","protected":false},"author":2,"featured_media":1720,"comment_status":"open","ping_status":"open","sticky":false,"template":"","format":"standard","meta":{"footnotes":""},"categories":[14],"tags":[],"class_list":["post-1719","post","type-post","status-publish","format-standard","has-post-thumbnail","hentry","category-pais"],"_links":{"self":[{"href":"https:\/\/tvc16.com\/portal\/wp-json\/wp\/v2\/posts\/1719","targetHints":{"allow":["GET"]}}],"collection":[{"href":"https:\/\/tvc16.com\/portal\/wp-json\/wp\/v2\/posts"}],"about":[{"href":"https:\/\/tvc16.com\/portal\/wp-json\/wp\/v2\/types\/post"}],"author":[{"embeddable":true,"href":"https:\/\/tvc16.com\/portal\/wp-json\/wp\/v2\/users\/2"}],"replies":[{"embeddable":true,"href":"https:\/\/tvc16.com\/portal\/wp-json\/wp\/v2\/comments?post=1719"}],"version-history":[{"count":1,"href":"https:\/\/tvc16.com\/portal\/wp-json\/wp\/v2\/posts\/1719\/revisions"}],"predecessor-version":[{"id":1721,"href":"https:\/\/tvc16.com\/portal\/wp-json\/wp\/v2\/posts\/1719\/revisions\/1721"}],"wp:featuredmedia":[{"embeddable":true,"href":"https:\/\/tvc16.com\/portal\/wp-json\/wp\/v2\/media\/1720"}],"wp:attachment":[{"href":"https:\/\/tvc16.com\/portal\/wp-json\/wp\/v2\/media?parent=1719"}],"wp:term":[{"taxonomy":"category","embeddable":true,"href":"https:\/\/tvc16.com\/portal\/wp-json\/wp\/v2\/categories?post=1719"},{"taxonomy":"post_tag","embeddable":true,"href":"https:\/\/tvc16.com\/portal\/wp-json\/wp\/v2\/tags?post=1719"}],"curies":[{"name":"wp","href":"https:\/\/api.w.org\/{rel}","templated":true}]}}