{"id":1722,"date":"2020-10-01T16:59:43","date_gmt":"2020-10-01T16:59:43","guid":{"rendered":"https:\/\/tvc16.com\/portal\/?p=1722"},"modified":"2020-10-01T16:59:43","modified_gmt":"2020-10-01T16:59:43","slug":"levantamento-do-linha-verde-mostra-a-quantidade-de-area-degradada-no-estado-do-rj-com-base-em-denuncias-do-programa","status":"publish","type":"post","link":"https:\/\/tvc16.com\/portal\/2020\/10\/01\/levantamento-do-linha-verde-mostra-a-quantidade-de-area-degradada-no-estado-do-rj-com-base-em-denuncias-do-programa\/","title":{"rendered":"Levantamento do Linha Verde mostra a quantidade de \u00e1rea degradada no Estado do RJ com base em den\u00fancias do programa"},"content":{"rendered":"\n<p>Aproximadamente 100 campos de futebol. Esse foi o resultado de um levantamento feito pelo programa Linha Verde (0300 253 1177) do Disque Den\u00fancia do RJ, sobre as \u00e1reas encontradas com degrada\u00e7\u00e3o ambiental resultante de desmatamento no Estado do Rio de Janeiro nos \u00faltimos seis anos.<\/p>\n\n\n\n<p>Segundo os dados do Linha Verde, pelo menos 648.212 metros quadrados de \u00e1rea desmatada foram encontradas, em sua maioria por policiais militares do Comando de Pol\u00edcia Ambiental desde o ano de 2015, com base em den\u00fancias sobre crimes contra o meio ambiente recebidas pelo programa. S\u00f3 para se ter uma ideia da dimens\u00e3o do problema, esses n\u00fameros s\u00e3o equivalentes ao terreno de quase 100 campos de futebol. Neste mesmo per\u00edodo, o Linha Verde cadastrou mais de 50 mil informa\u00e7\u00f5es sobre crimes ambientais, dentre as quais, cerca de 5.504 s\u00e3o exclusivamente sobre desmatamento florestal.<\/p>\n\n\n\n<p>Sobre \u00e1rea degradada, o levantamento identificou que s\u00e3o em decorr\u00eancia do corte de \u00e1rvores de pequeno, m\u00e9dio e grande porte do bioma mata atl\u00e2ntica, supress\u00e3o de vegeta\u00e7\u00e3o nativa e secund\u00e1ria, em variados est\u00e1gios de regenera\u00e7\u00e3o (inicial, m\u00e9dio e avan\u00e7ado). Todo o estado do Rio de Janeiro est\u00e1 completamente inserido na Mata Atl\u00e2ntica. Com ecossistemas como restingas, manguezais, campos de altitude e um grande conjunto de forma\u00e7\u00f5es florestais, o&nbsp;bioma&nbsp;\u00e9 um dos mais ricos do mundo em biodiversidade. Segundo informa\u00e7\u00f5es do&nbsp;<a href=\"http:\/\/www.ibflorestas.org.br\/\" target=\"_blank\" rel=\"noreferrer noopener\">Instituto Brasileiro de Florestas<\/a>, no Rio de Janeiro, estimativas apontam que, por volta do s\u00e9culo XVI, a cidade possu\u00eda cobertura florestal em 97% do territ\u00f3rio, bem diferente dos 17% remanescentes na atualidade. A Constitui\u00e7\u00e3o Brasileira, em seu artigo 225, definiu a Mata Atl\u00e2ntica como Patrim\u00f4nio Nacional, e a sua conserva\u00e7\u00e3o, prote\u00e7\u00e3o, regenera\u00e7\u00e3o e utiliza\u00e7\u00e3o foram estabelecidas pela Lei Federal n\u00ba 11.428, de 22 de dezembro de 2006, conhecida como a Lei da Mata Atl\u00e2ntica, regulamentada pelo&nbsp;<a href=\"http:\/\/www.planalto.gov.br\/ccivil_03\/_ato2007-2010\/2008\/decreto\/d6660.htm\">Decreto Federal n\u00ba 6.660, de 21 de novembro de 2008<\/a>.<\/p>\n\n\n\n<p>De acordo com a s\u00e9rie hist\u00f3rica, obtida atrav\u00e9s de respostas encaminhadas ao Linha Verde pelo Comando de Pol\u00edcia Ambiental, em aten\u00e7\u00e3o \u00e0s den\u00fancias do programa, temos (<em>dados em metros quadrados<\/em>):<\/p>\n\n\n\n<figure class=\"wp-block-image size-large\"><img loading=\"lazy\" decoding=\"async\" width=\"587\" height=\"112\" src=\"https:\/\/tvc16.com\/portal\/wp-content\/uploads\/2020\/10\/1111.jpg\" alt=\"\" class=\"wp-image-1723\" srcset=\"https:\/\/tvc16.com\/portal\/wp-content\/uploads\/2020\/10\/1111.jpg 587w, https:\/\/tvc16.com\/portal\/wp-content\/uploads\/2020\/10\/1111-300x57.jpg 300w\" sizes=\"auto, (max-width: 587px) 100vw, 587px\" \/><\/figure>\n\n\n\n<p>Em muitas dessas a\u00e7\u00f5es policiais que foram iniciadas atrav\u00e9s das den\u00fancias, os respons\u00e1veis foram identificados, detidos e encaminhados \u00e0 delegacia. Talvez, se n\u00e3o houvesse uma den\u00fancia que levasse a pol\u00edcia a esses locais, o tamanho da degrada\u00e7\u00e3o ambiental poderia ter sido bem maior e o dano ao meio ambiente, bem mais significativo.<\/p>\n\n\n\n<p>O levantamento do Linha Verde tamb\u00e9m mostrou quais foram os munic\u00edpios do Estado do RJ com maior n\u00famero de den\u00fancias sobre desmatamento desde o ano de 2015. Nesse ranking, destacam-se as seguintes cidades: Rio de Janeiro (2611), Petr\u00f3polis (350), Maric\u00e1 (235), Niter\u00f3i (213), Teres\u00f3polis (158) e Angra dos Reis (154).<\/p>\n\n\n\n<p>Vale refor\u00e7ar que qualquer den\u00fancia sobre crimes ambientais no Estado do Rio pode ser denunciada de forma an\u00f4nima ao Linha Verde, seja pelos telefones 0300 253 1177 (todo o Estado do RJ) e 2253 1177 (capital e regi\u00e3o metropolitana) ou pelo aplicativo para celulares \u201cDisque Den\u00fancia RJ\u201d.<\/p>\n","protected":false},"excerpt":{"rendered":"<p>Aproximadamente 100 campos de futebol. Esse foi o resultado de um levantamento feito pelo programa<\/p>\n","protected":false},"author":2,"featured_media":1724,"comment_status":"open","ping_status":"open","sticky":false,"template":"","format":"standard","meta":{"footnotes":""},"categories":[17],"tags":[],"class_list":["post-1722","post","type-post","status-publish","format-standard","has-post-thumbnail","hentry","category-outras-noticias"],"_links":{"self":[{"href":"https:\/\/tvc16.com\/portal\/wp-json\/wp\/v2\/posts\/1722","targetHints":{"allow":["GET"]}}],"collection":[{"href":"https:\/\/tvc16.com\/portal\/wp-json\/wp\/v2\/posts"}],"about":[{"href":"https:\/\/tvc16.com\/portal\/wp-json\/wp\/v2\/types\/post"}],"author":[{"embeddable":true,"href":"https:\/\/tvc16.com\/portal\/wp-json\/wp\/v2\/users\/2"}],"replies":[{"embeddable":true,"href":"https:\/\/tvc16.com\/portal\/wp-json\/wp\/v2\/comments?post=1722"}],"version-history":[{"count":1,"href":"https:\/\/tvc16.com\/portal\/wp-json\/wp\/v2\/posts\/1722\/revisions"}],"predecessor-version":[{"id":1725,"href":"https:\/\/tvc16.com\/portal\/wp-json\/wp\/v2\/posts\/1722\/revisions\/1725"}],"wp:featuredmedia":[{"embeddable":true,"href":"https:\/\/tvc16.com\/portal\/wp-json\/wp\/v2\/media\/1724"}],"wp:attachment":[{"href":"https:\/\/tvc16.com\/portal\/wp-json\/wp\/v2\/media?parent=1722"}],"wp:term":[{"taxonomy":"category","embeddable":true,"href":"https:\/\/tvc16.com\/portal\/wp-json\/wp\/v2\/categories?post=1722"},{"taxonomy":"post_tag","embeddable":true,"href":"https:\/\/tvc16.com\/portal\/wp-json\/wp\/v2\/tags?post=1722"}],"curies":[{"name":"wp","href":"https:\/\/api.w.org\/{rel}","templated":true}]}}