{"id":1730,"date":"2020-10-01T17:12:26","date_gmt":"2020-10-01T17:12:26","guid":{"rendered":"https:\/\/tvc16.com\/portal\/?p=1730"},"modified":"2020-10-01T17:12:26","modified_gmt":"2020-10-01T17:12:26","slug":"impactos-negativos-da-covid-19-nas-empresas-diminuiram-em-agosto","status":"publish","type":"post","link":"https:\/\/tvc16.com\/portal\/2020\/10\/01\/impactos-negativos-da-covid-19-nas-empresas-diminuiram-em-agosto\/","title":{"rendered":"Impactos negativos da covid-19 nas empresas diminu\u00edram em agosto"},"content":{"rendered":"\n<p>Empresas de todos os portes relataram a melhora na percep\u00e7\u00e3o, diz IBGE<\/p>\n\n\n\n<p>Os impactos negativos da pandemia da covid-19 foram sentidos por 33,5% das 3,4 milh\u00f5es de empresas brasileiras na segunda quinzena de agosto, contra 38,6% medidos no per\u00edodo anterior. Na primeira quinzena de junho, o efeito negativo foi sentido por 70% do total. Outras 37,9% tiveram impacto pequeno ou inexistente e 28,6% sentiram efeitos positivos com a crise sanit\u00e1ria na segunda quinzena de agosto. Os dados foram divulgados hoje pelo Instituto Brasileiro de Geografia e Estat\u00edstica (IBGE), na Pesquisa Pulso Empresa: Impacto da Covid19 nas Empresas.<img decoding=\"async\" src=\"https:\/\/agenciabrasil.ebc.com.br\/ebc.png?id=1389447&amp;o=node\"><img decoding=\"async\" src=\"https:\/\/agenciabrasil.ebc.com.br\/ebc.gif?id=1389447&amp;o=node\"><\/p>\n\n\n\n<p>Empresas de todos os portes relataram a melhora na percep\u00e7\u00e3o. Segundo o IBGE, os efeitos pequenos ou inexistentes foram sentidos por 52,6% das empresas de grande porte, 43,3% das m\u00e9dias e por 37,8% das menores. As de porte intermedi\u00e1rio tiveram a maior percep\u00e7\u00e3o dos efeitos positivos, com 33,8%.<\/p>\n\n\n\n<p>De acordo com o coordenador de Pesquisas Conjunturais em Empresas do IBGE, Fl\u00e1vio Magheli, nos primeiros meses da crise sanit\u00e1ria os impactos estavam relacionados \u00e0 demanda por vendas, produ\u00e7\u00e3o e atendimento, com o fechamento das lojas e o isolamento social. Depois, os problemas foram de oferta e acesso \u00e0 cadeia de suprimentos. Com a flexibiliza\u00e7\u00e3o das medidas restritivas, est\u00e1 ocorrendo um processo de retomada gradual.<\/p>\n\n\n\n<h2 class=\"wp-block-heading\">Atividades<\/h2>\n\n\n\n<p>As empresas de constru\u00e7\u00e3o (40,0%) e do com\u00e9rcio (36,0%) foram as que relataram mais efeitos negativos na quinzena, as mesmas atividades da quinzena anterior. A ind\u00fastria (40,3%) e o setor de servi\u00e7os (43,2%) relataram mais impactos pequenos ou inexistentes, com destaque para os segmentos de servi\u00e7os de informa\u00e7\u00e3o e comunica\u00e7\u00e3o (68,7%) e servi\u00e7os de transporte (48,8%). Segundo Magheli, o perfil do impacto mudou no decorrer da pandemia.<\/p>\n\n\n\n<p>\u201cDo ponto de vista setorial, no in\u00edcio da pesquisa, h\u00e1 uma incid\u00eancia forte de dificuldades na ind\u00fastria, na constru\u00e7\u00e3o, nos servi\u00e7os e principalmente no com\u00e9rcio, devido \u00e0 grande depend\u00eancia dos pequenos com\u00e9rcios em rela\u00e7\u00e3o \u00e0s lojas f\u00edsicas. Ao longo desses tr\u00eas meses, ocorreu uma retomada gradual, mas no final de agosto 33,5% das empresas ainda sinalizam algum grau de dificuldade\u201d.<\/p>\n\n\n\n<p>Na an\u00e1lise regional, no per\u00edodo analisado os efeitos foram pequenos ou inexistentes para 37,4% das empresas na regi\u00e3o Norte; 37,3% no Sudeste; 42,9% no Sul e 40,7% no Centro-Oeste. Com a maior abertura econ\u00f4mica nos&nbsp;<a href=\"https:\/\/agenciabrasil.ebc.com.br\/economia\/noticia\/2020-09\/covid-maioria-dos-estados-segue-sem-aulas-presenciais\" target=\"_blank\" rel=\"noreferrer noopener\">estados do nordeste<\/a>, a regi\u00e3o se destaca com 45% das empresas relatando efeitos positivos na segunda quinzena de agosto.<\/p>\n\n\n\n<h2 class=\"wp-block-heading\">Vendas<\/h2>\n\n\n\n<p>A redu\u00e7\u00e3o nas vendas foi percebido por 32,9% das empresas, 34,7% tiveram impactos pequenos ou inexistentes e 32,2% relataram aumento nas vendas. O setor mais afetado pela redu\u00e7\u00e3o nas vendas foi a constru\u00e7\u00e3o, com 42,7%. O aumento foi sentido por 40,7% das empresas do com\u00e9rcio, sendo 43% no com\u00e9rcio varejista e 46,6% com\u00e9rcio de ve\u00edculos, pe\u00e7as e motocicletas.<\/p>\n\n\n\n<p>Apenas 13,9% das empresas relataram facilidade na capacidade de fabricar produtos ou atender clientes, enquanto 31,4% tiveram dificuldades e 54,4% n\u00e3o tiveram altera\u00e7\u00e3o significativa. A dificuldade no acesso ao fornecedor foi relatada por 46,8% e 44,1% n\u00e3o perceberam altera\u00e7\u00e3o. Obst\u00e1culos para realizar pagamentos de rotina foi sentida por 40,3% das empresas e 53% n\u00e3o tiveram altera\u00e7\u00e3o significativa.<\/p>\n\n\n\n<p>Segundo os dados do IBGE, na segunda quinzena de agosto 85% das empresas em funcionamento mantiveram o n\u00famero de colaboradores em rela\u00e7\u00e3o ao per\u00edodo anterior, 8,1% diminu\u00edram e 6,3% ampliaram o quadro de pessoal. Das 280 mil empresas que demitiram, 56,8% diminu\u00edram o quadro em at\u00e9 25%, sendo 55,8% delas empresas de menor porte, com at\u00e9 49 trabalhadores.<\/p>\n\n\n\n<p>Entre as medidas de preven\u00e7\u00e3o da pandemia foram relatadas por 93,1% das empresas a realiza\u00e7\u00e3o de campanhas de informa\u00e7\u00e3o e medidas extras de higiene, 28,6% mudaram o m\u00e9todo de entrega, 25,7% adotaram o trabalho remoto, 20,1% anteciparam f\u00e9rias dos funcion\u00e1rios e 23,8% adiaram o pagamento de impostos.<\/p>\n\n\n\n<p>O apoio governamental para adotar medidas para reduzir os impactos da pandemia foi relatado por 21,4% das empresas, sendo 47,9% das empresas que adiaram o pagamento de impostos e 61,6% das que acessaram linhas de cr\u00e9dito para o pagamento da folha salarial.<\/p>\n\n\n\n<p>De acordo com Magheli, a situa\u00e7\u00e3o geral das empresas melhorou, mas ainda n\u00e3o foram recuperadas as perdas provocadas pela pandemia da covid-19.<\/p>\n\n\n\n<p>\u201cAo longo desses tr\u00eas meses, a percep\u00e7\u00e3o das empresas melhorou, mas o efeito de diminui\u00e7\u00e3o sobre as vendas, redu\u00e7\u00e3o na capacidade de fabricar produtos ou atender clientes, dificuldades em acessar fornecedores e insumos e realizar pagamentos ainda faz parte da rotina das empresas\u201d.<\/p>\n\n\n\n<p>Por Akemi Nitahara \u2013 Rep\u00f3rter da Ag\u00eancia Brasil &#8211; Rio de Janeiro<\/p>\n\n\n\n<p>Edi\u00e7\u00e3o: Val\u00e9ria Aguiar<\/p>\n","protected":false},"excerpt":{"rendered":"<p>Empresas de todos os portes relataram a melhora na percep\u00e7\u00e3o, diz IBGE Os impactos negativos<\/p>\n","protected":false},"author":2,"featured_media":1731,"comment_status":"open","ping_status":"open","sticky":false,"template":"","format":"standard","meta":{"footnotes":""},"categories":[18],"tags":[],"class_list":["post-1730","post","type-post","status-publish","format-standard","has-post-thumbnail","hentry","category-economia"],"_links":{"self":[{"href":"https:\/\/tvc16.com\/portal\/wp-json\/wp\/v2\/posts\/1730","targetHints":{"allow":["GET"]}}],"collection":[{"href":"https:\/\/tvc16.com\/portal\/wp-json\/wp\/v2\/posts"}],"about":[{"href":"https:\/\/tvc16.com\/portal\/wp-json\/wp\/v2\/types\/post"}],"author":[{"embeddable":true,"href":"https:\/\/tvc16.com\/portal\/wp-json\/wp\/v2\/users\/2"}],"replies":[{"embeddable":true,"href":"https:\/\/tvc16.com\/portal\/wp-json\/wp\/v2\/comments?post=1730"}],"version-history":[{"count":1,"href":"https:\/\/tvc16.com\/portal\/wp-json\/wp\/v2\/posts\/1730\/revisions"}],"predecessor-version":[{"id":1732,"href":"https:\/\/tvc16.com\/portal\/wp-json\/wp\/v2\/posts\/1730\/revisions\/1732"}],"wp:featuredmedia":[{"embeddable":true,"href":"https:\/\/tvc16.com\/portal\/wp-json\/wp\/v2\/media\/1731"}],"wp:attachment":[{"href":"https:\/\/tvc16.com\/portal\/wp-json\/wp\/v2\/media?parent=1730"}],"wp:term":[{"taxonomy":"category","embeddable":true,"href":"https:\/\/tvc16.com\/portal\/wp-json\/wp\/v2\/categories?post=1730"},{"taxonomy":"post_tag","embeddable":true,"href":"https:\/\/tvc16.com\/portal\/wp-json\/wp\/v2\/tags?post=1730"}],"curies":[{"name":"wp","href":"https:\/\/api.w.org\/{rel}","templated":true}]}}