{"id":1733,"date":"2020-10-01T17:43:31","date_gmt":"2020-10-01T17:43:31","guid":{"rendered":"https:\/\/tvc16.com\/portal\/?p=1733"},"modified":"2020-10-01T17:43:31","modified_gmt":"2020-10-01T17:43:31","slug":"libertadores-santos-enfrenta-olimpia-no-paraguai","status":"publish","type":"post","link":"https:\/\/tvc16.com\/portal\/2020\/10\/01\/libertadores-santos-enfrenta-olimpia-no-paraguai\/","title":{"rendered":"Libertadores: Santos enfrenta Ol\u00edmpia no Paraguai"},"content":{"rendered":"\n<p>Peixe tenta trazer classifica\u00e7\u00e3o para oitavas de final<\/p>\n\n\n\n<p>Ol\u00edmpia e Santos duelam nesta quinta-feira (1), \u00e0s 19h (hor\u00e1rio de Bras\u00edlia), no Est\u00e1dio Manuel Ferreira, em Assun\u00e7\u00e3o (Paraguai), pela quinta rodada do grupo G da Libertadores da Am\u00e9rica. O Peixe lidera a chave com 10 pontos e carimba a vaga \u00e0s oitavas de final em caso de vit\u00f3ria ou at\u00e9 mesmo com um empate. Os paraguaios t\u00eam cinco pontos e est\u00e3o atr\u00e1s dos argentinos do Defensa e Justicia, com 6, que tamb\u00e9m jogam hoje contra o Delf\u00edn (Equador), que est\u00e1 na lanterna com apenas um ponto.<img decoding=\"async\" src=\"https:\/\/agenciabrasil.ebc.com.br\/ebc.png?id=1389394&amp;o=node\"><img decoding=\"async\" src=\"https:\/\/agenciabrasil.ebc.com.br\/ebc.gif?id=1389394&amp;o=node\"><\/p>\n\n\n\n<p>O time da Vila Belmiro vive uma crise pol\u00edtica com o afastamento do presidente Jos\u00e9 Carlos Peres pelo Conselho Deliberativo do clube, que passa a ser dirigido por Orlando Rollo at\u00e9 meados de dezembro, quando novas elei\u00e7\u00f5es dever\u00e3o ser convocadas. Al\u00e9m de blindar o time quanto aos problemas extracampo, o t\u00e9cnico Cuca n\u00e3o vai contar com os zagueiros Lucas Ver\u00edssimo e Luan Peres, suspensos pelo terceiro cart\u00e3o amarelo.<\/p>\n\n\n\n<p>A prov\u00e1vel forma\u00e7\u00e3o do Santos nesta quinta \u00e9: Jo\u00e3o Paulo; Par\u00e1, Jobson, Alex e Felipe Jonatan; Diego Pituca, Carlos Sanchez e Artur Gomes; Marinho, Soteldo e Kaio Jorge.<\/p>\n\n\n\n<p>O Santos em busca do tetracampeonato continental. O Alvinegro Praiano venceu em 1962 e 1963 na era Pel\u00e9, e em 2011 com Neymar. Ap\u00f3s o compromisso pela Libertadores, os santistas enfrentam o Goi\u00e1s pelo Campeonato Brasileiro, no Est\u00e1dio da Serrinha, no pr\u00f3ximo domingo (4) em Goi\u00e2nia.<\/p>\n\n\n\n<p>Por Rodrigo Ricardo &#8211; Rep\u00f3rter da R\u00e1dio Nacional &#8211; Rio de Janeiro<\/p>\n\n\n\n<p>Edi\u00e7\u00e3o: F\u00e1bio Lisboa<\/p>\n","protected":false},"excerpt":{"rendered":"<p>Peixe tenta trazer classifica\u00e7\u00e3o para oitavas de final Ol\u00edmpia e Santos duelam nesta quinta-feira (1),<\/p>\n","protected":false},"author":2,"featured_media":1734,"comment_status":"open","ping_status":"open","sticky":false,"template":"","format":"standard","meta":{"footnotes":""},"categories":[20],"tags":[],"class_list":["post-1733","post","type-post","status-publish","format-standard","has-post-thumbnail","hentry","category-esporte"],"_links":{"self":[{"href":"https:\/\/tvc16.com\/portal\/wp-json\/wp\/v2\/posts\/1733","targetHints":{"allow":["GET"]}}],"collection":[{"href":"https:\/\/tvc16.com\/portal\/wp-json\/wp\/v2\/posts"}],"about":[{"href":"https:\/\/tvc16.com\/portal\/wp-json\/wp\/v2\/types\/post"}],"author":[{"embeddable":true,"href":"https:\/\/tvc16.com\/portal\/wp-json\/wp\/v2\/users\/2"}],"replies":[{"embeddable":true,"href":"https:\/\/tvc16.com\/portal\/wp-json\/wp\/v2\/comments?post=1733"}],"version-history":[{"count":1,"href":"https:\/\/tvc16.com\/portal\/wp-json\/wp\/v2\/posts\/1733\/revisions"}],"predecessor-version":[{"id":1735,"href":"https:\/\/tvc16.com\/portal\/wp-json\/wp\/v2\/posts\/1733\/revisions\/1735"}],"wp:featuredmedia":[{"embeddable":true,"href":"https:\/\/tvc16.com\/portal\/wp-json\/wp\/v2\/media\/1734"}],"wp:attachment":[{"href":"https:\/\/tvc16.com\/portal\/wp-json\/wp\/v2\/media?parent=1733"}],"wp:term":[{"taxonomy":"category","embeddable":true,"href":"https:\/\/tvc16.com\/portal\/wp-json\/wp\/v2\/categories?post=1733"},{"taxonomy":"post_tag","embeddable":true,"href":"https:\/\/tvc16.com\/portal\/wp-json\/wp\/v2\/tags?post=1733"}],"curies":[{"name":"wp","href":"https:\/\/api.w.org\/{rel}","templated":true}]}}