{"id":1739,"date":"2020-10-01T17:45:56","date_gmt":"2020-10-01T17:45:56","guid":{"rendered":"https:\/\/tvc16.com\/portal\/?p=1739"},"modified":"2020-10-01T17:45:56","modified_gmt":"2020-10-01T17:45:56","slug":"enem-estudantes-tem-ate-hoje-para-inserir-foto-no-cadastro","status":"publish","type":"post","link":"https:\/\/tvc16.com\/portal\/2020\/10\/01\/enem-estudantes-tem-ate-hoje-para-inserir-foto-no-cadastro\/","title":{"rendered":"Enem: estudantes t\u00eam at\u00e9 hoje para inserir foto no cadastro"},"content":{"rendered":"\n<p>A fotografia deve mostrar o rosto inteiro do participante<\/p>\n\n\n\n<p>A<\/p>\n\n\n\n<p>t\u00e9 23h59 (hor\u00e1rio de Bras\u00edlia) desta quinta-feira (1\u00ba), os inscritos no Exame Nacional do Ensino M\u00e9dio (Enem) 2020 devem inserir ou alterar a foto na&nbsp;<a href=\"https:\/\/enem.inep.gov.br\/participante\/\" target=\"_blank\" rel=\"noreferrer noopener\">P\u00e1gina do Participante<\/a>. O cadastramento \u00e9 obrigat\u00f3rio e a foto deve atender a algumas regras, como ser atual, n\u00edtida, individual, colorida e com fundo branco.<img decoding=\"async\" src=\"https:\/\/agenciabrasil.ebc.com.br\/ebc.png?id=1389429&amp;o=node\"><img decoding=\"async\" src=\"https:\/\/agenciabrasil.ebc.com.br\/ebc.gif?id=1389429&amp;o=node\"><\/p>\n\n\n\n<p>Segundo o Instituto Nacional de Estudos e Pesquisas Educacionais An\u00edsio Teixeira (Inep), n\u00e3o ser\u00e3o aceitas imagens de pessoas com \u00f3culos escuros ou artigos de chapelaria (bon\u00e9, chap\u00e9u, viseira, gorro ou similares). A fotografia tamb\u00e9m deve mostrar o rosto inteiro do participante, com uma boa ilumina\u00e7\u00e3o e foco, al\u00e9m de estar nos formatos de arquivo JPEG e PNG (tamanho m\u00e1ximo de 2 MB). Imagens em PDF n\u00e3o ser\u00e3o permitidas. O Inep e o Minist\u00e9rio da Educa\u00e7\u00e3o (MEC) n\u00e3o realizam valida\u00e7\u00e3o da foto.<\/p>\n\n\n\n<h2 class=\"wp-block-heading\">Provas<\/h2>\n\n\n\n<p>Por causa da pandemia do novo coronav\u00edrus, as provas da edi\u00e7\u00e3o 2020 do exame foram adiadas para os dias 17 e 24 de janeiro de 2021 (vers\u00e3o impressa); e 31 de janeiro e 7 de fevereiro de 2021 (vers\u00e3o digital). Al\u00e9m de uma reda\u00e7\u00e3o e 45 quest\u00f5es, os candidatos ter\u00e3o que responder quest\u00f5es sobre quatro \u00e1reas de conhecimento: linguagens, c\u00f3digos e suas tecnologias; ci\u00eancias humanas e suas tecnologias; ci\u00eancias da natureza e suas tecnologias; e matem\u00e1tica e suas tecnologias.<\/p>\n\n\n\n<h2 class=\"wp-block-heading\">D\u00favidas<\/h2>\n\n\n\n<p>As informa\u00e7\u00f5es a respeito do Enem 2020 podem ser acompanhadas nos portais do Inep e do MEC, assim como nas redes sociais oficiais dos dois \u00f3rg\u00e3os do governo federal. D\u00favidas podem ser sanadas pelo Fale Conosco do instituto, por meio do autoatendimento online ou do 0800 616161, a central aceita apenas chamadas feitas de telefone fixo.<\/p>\n\n\n\n<p>Por Karine Melo &#8211; Rep\u00f3rter da Ag\u00eancia Brasil &#8211; Bras\u00edlia<\/p>\n\n\n\n<p>Edi\u00e7\u00e3o: A\u00e9cio Amado<\/p>\n","protected":false},"excerpt":{"rendered":"<p>A fotografia deve mostrar o rosto inteiro do participante A t\u00e9 23h59 (hor\u00e1rio de Bras\u00edlia)<\/p>\n","protected":false},"author":2,"featured_media":1740,"comment_status":"open","ping_status":"open","sticky":false,"template":"","format":"standard","meta":{"footnotes":""},"categories":[19],"tags":[],"class_list":["post-1739","post","type-post","status-publish","format-standard","has-post-thumbnail","hentry","category-educacao"],"_links":{"self":[{"href":"https:\/\/tvc16.com\/portal\/wp-json\/wp\/v2\/posts\/1739","targetHints":{"allow":["GET"]}}],"collection":[{"href":"https:\/\/tvc16.com\/portal\/wp-json\/wp\/v2\/posts"}],"about":[{"href":"https:\/\/tvc16.com\/portal\/wp-json\/wp\/v2\/types\/post"}],"author":[{"embeddable":true,"href":"https:\/\/tvc16.com\/portal\/wp-json\/wp\/v2\/users\/2"}],"replies":[{"embeddable":true,"href":"https:\/\/tvc16.com\/portal\/wp-json\/wp\/v2\/comments?post=1739"}],"version-history":[{"count":1,"href":"https:\/\/tvc16.com\/portal\/wp-json\/wp\/v2\/posts\/1739\/revisions"}],"predecessor-version":[{"id":1741,"href":"https:\/\/tvc16.com\/portal\/wp-json\/wp\/v2\/posts\/1739\/revisions\/1741"}],"wp:featuredmedia":[{"embeddable":true,"href":"https:\/\/tvc16.com\/portal\/wp-json\/wp\/v2\/media\/1740"}],"wp:attachment":[{"href":"https:\/\/tvc16.com\/portal\/wp-json\/wp\/v2\/media?parent=1739"}],"wp:term":[{"taxonomy":"category","embeddable":true,"href":"https:\/\/tvc16.com\/portal\/wp-json\/wp\/v2\/categories?post=1739"},{"taxonomy":"post_tag","embeddable":true,"href":"https:\/\/tvc16.com\/portal\/wp-json\/wp\/v2\/tags?post=1739"}],"curies":[{"name":"wp","href":"https:\/\/api.w.org\/{rel}","templated":true}]}}