{"id":174,"date":"2020-07-17T09:55:09","date_gmt":"2020-07-17T09:55:09","guid":{"rendered":"https:\/\/tvc16.com\/portal\/?p=174"},"modified":"2020-07-17T11:21:17","modified_gmt":"2020-07-17T11:21:17","slug":"bolsonaro-diz-que-salles-e-pazuello-ficam-no-governo-ministros-excepcionais","status":"publish","type":"post","link":"https:\/\/tvc16.com\/portal\/2020\/07\/17\/bolsonaro-diz-que-salles-e-pazuello-ficam-no-governo-ministros-excepcionais\/","title":{"rendered":"Bolsonaro diz que Salles e Pazuello ficam no governo: \u2018Ministros excepcionais\u2019"},"content":{"rendered":"\n<p>O presidente<strong><a href=\"https:\/\/jovempan.com.br\/tag\/jair-bolsonaro\" target=\"_blank\" rel=\"noreferrer noopener\">&nbsp;Jair Bolsonaro<\/a><\/strong>&nbsp;afirmou nesta quinta-feira, 16, em transmiss\u00e3o ao vivo feita pelas redes sociais, que o ministro do Meio Ambiente,&nbsp;<strong><a href=\"https:\/\/jovempan.com.br\/tag\/ricardo-salles\" target=\"_blank\" rel=\"noreferrer noopener\">Ricardo Salles,<\/a><\/strong>&nbsp;e o ministro interino da Sa\u00fade,&nbsp;<strong><a href=\"https:\/\/jovempan.com.br\/tag\/eduardo-pazuello\" target=\"_blank\" rel=\"noreferrer noopener\">Eduardo Pazuello,<\/a><\/strong>&nbsp;ficam no comando das pastas. \u201cS\u00e3o dois excepcionais ministros\u201d, disse Bolsonaro, em resposta a perguntas feitas pelos comentaristas do programa&nbsp;<strong>Os Pingos nos Is<\/strong>.<\/p>\n\n\n\n<p>O presidente tem sido pressionado por n\u00e3o ter, at\u00e9 agora, nomeado um titular para o Minist\u00e9rio da Sa\u00fade desde a sa\u00edda de Nelson Teich, no dia 15 de maio. J\u00e1 em rela\u00e7\u00e3o a Salles, as cr\u00edticas giram em torno das falas feitas por ele durante a reuni\u00e3o ministerial, em que teria dito que a&nbsp;<strong><a href=\"https:\/\/migracao.jovempan.com.br\/noticias\/brasil\/salles-reuniao-imprensa-covid-19-passar-a-boiada.html\" target=\"_blank\" rel=\"noreferrer noopener\">pandemia de coronav\u00edrus era uma \u201coportunidade\u201d para \u201cpassar a boiada\u201d<\/a>&nbsp;<\/strong>e mudar o regramento ambiental. Posteriormente, ele alegou que a frase foi distorcida, e explicou que h\u00e1 \u201ca necessidade de rever as normas ambientais para atrair investidores estrangeiros\u201d.<\/p>\n\n\n\n<p>\u201cLamentamos aquela reuni\u00e3o privada nossa que falamos coisas que n\u00e3o se fala em p\u00fablico. O \u2018passar a boiada\u2019 \u00e9 desburocratizar. Para mim Salles est\u00e1 fazendo um excepcional trabalho\u201d, afirmou Bolsonaro.<\/p>\n\n\n\n<h2 class=\"wp-block-heading\"><strong>Desmatamento<\/strong><\/h2>\n\n\n\n<p>O&nbsp;<a href=\"https:\/\/jovempan.com.br\/tag\/governo-federal\" target=\"_blank\" rel=\"noreferrer noopener\"><strong>governo federal<\/strong><\/a>&nbsp;quer intensificar a fiscaliza\u00e7\u00e3o na&nbsp;<strong><a href=\"https:\/\/jovempan.com.br\/tag\/floresta-amazonica\" target=\"_blank\" rel=\"noreferrer noopener\">floresta amaz\u00f4nica<\/a><\/strong>, ap\u00f3s press\u00f5es que o Pal\u00e1cio do Planalto vem sofrendo em rela\u00e7\u00e3o a pol\u00edtica ambiental brasileira. Durante a transmiss\u00e3o, Bolsonaro&nbsp;voltou a criticar a Europa, classificando o continente como \u201cuma seita ambiental\u201d que ataca o Pa\u00eds \u201cde forma injusta\u201d e movida por interesses comerciais.<\/p>\n\n\n\n<p>\u201cN\u00f3s somos o tempo todo acusados injustamente de maltratar o meio ambiente no Brasil. A imprensa daqui publica, a imprensa de fora republica, em especial a da Europa, e l\u00e1 a quest\u00e3o ambiental \u00e9 tido como uma seita. A\u00ed a mesma imprensa que fraudou n\u00fameros republica aquilo para criticar o governo\u201d, argumentou. Para ele, \u201cno passado havia interesse (internacional) na regi\u00e3o amaz\u00f4nica, mas hoje h\u00e1 interesse em todo o Brasil\u201d. De acordo com Bolsonaro, \u201cem focos de queimada estamos abaixo da m\u00e9dia dos \u00faltimos anos\u201d. \u201cN\u00e3o \u00e9 que estamos indo bem. Tem coisa para fazer? Tem, mas n\u00e3o \u00e9 esse trauma todo\u201d, afirmou.<\/p>\n\n\n\n<p>O presidente tamb\u00e9m lamentou que a medida provis\u00f3ria (MP) 910, que tratava da regulariza\u00e7\u00e3o fundi\u00e1ria e ficou conhecida como \u201cMP da grilagem\u201d, n\u00e3o tenha sido votada no Congresso, o que fez com que ela caducasse. Para Bolsonaro, a vota\u00e7\u00e3o da MP n\u00e3o foi pautada porque \u201ca esquerda ainda tem uma influ\u00eancia muito grande dentro do Parlamento\u201d, e citou partidos como PT, PDT, Rede Sustentabilidade, PCdoB e PSOL como respons\u00e1veis pela press\u00e3o que levou \u00e0 caducidade da proposta.<\/p>\n\n\n\n<p>\u201cSe tivesse sido aprovada (a MP 910), essas \u00e1reas seriam regularizadas e, uma vez detectado o foco de calor ou queimada, teria como saber se foi dentro da reserva legal, ou n\u00e3o, e quem \u00e9 o dono daquela \u00e1rea, e a\u00ed voc\u00ea puniria\u201d, afirmou. Apesar disso, Bolsonaro assumiu o compromisso de diminuir as queimadas, mas falou que elas \u201cn\u00e3o vai acabar nunca\u201d.<\/p>\n","protected":false},"excerpt":{"rendered":"<p>O presidente&nbsp;Jair Bolsonaro&nbsp;afirmou nesta quinta-feira, 16, em transmiss\u00e3o ao vivo feita pelas redes sociais, que<\/p>\n","protected":false},"author":1,"featured_media":175,"comment_status":"closed","ping_status":"closed","sticky":false,"template":"","format":"standard","meta":{"footnotes":""},"categories":[15],"tags":[],"class_list":["post-174","post","type-post","status-publish","format-standard","has-post-thumbnail","hentry","category-politica"],"_links":{"self":[{"href":"https:\/\/tvc16.com\/portal\/wp-json\/wp\/v2\/posts\/174","targetHints":{"allow":["GET"]}}],"collection":[{"href":"https:\/\/tvc16.com\/portal\/wp-json\/wp\/v2\/posts"}],"about":[{"href":"https:\/\/tvc16.com\/portal\/wp-json\/wp\/v2\/types\/post"}],"author":[{"embeddable":true,"href":"https:\/\/tvc16.com\/portal\/wp-json\/wp\/v2\/users\/1"}],"replies":[{"embeddable":true,"href":"https:\/\/tvc16.com\/portal\/wp-json\/wp\/v2\/comments?post=174"}],"version-history":[{"count":1,"href":"https:\/\/tvc16.com\/portal\/wp-json\/wp\/v2\/posts\/174\/revisions"}],"predecessor-version":[{"id":176,"href":"https:\/\/tvc16.com\/portal\/wp-json\/wp\/v2\/posts\/174\/revisions\/176"}],"wp:featuredmedia":[{"embeddable":true,"href":"https:\/\/tvc16.com\/portal\/wp-json\/wp\/v2\/media\/175"}],"wp:attachment":[{"href":"https:\/\/tvc16.com\/portal\/wp-json\/wp\/v2\/media?parent=174"}],"wp:term":[{"taxonomy":"category","embeddable":true,"href":"https:\/\/tvc16.com\/portal\/wp-json\/wp\/v2\/categories?post=174"},{"taxonomy":"post_tag","embeddable":true,"href":"https:\/\/tvc16.com\/portal\/wp-json\/wp\/v2\/tags?post=174"}],"curies":[{"name":"wp","href":"https:\/\/api.w.org\/{rel}","templated":true}]}}