{"id":1745,"date":"2020-10-01T19:11:52","date_gmt":"2020-10-01T19:11:52","guid":{"rendered":"https:\/\/tvc16.com\/portal\/?p=1745"},"modified":"2020-10-01T19:11:52","modified_gmt":"2020-10-01T19:11:52","slug":"outubro-rosa-estado-do-rj-ilumina-predios-publicos","status":"publish","type":"post","link":"https:\/\/tvc16.com\/portal\/2020\/10\/01\/outubro-rosa-estado-do-rj-ilumina-predios-publicos\/","title":{"rendered":"Outubro Rosa: Estado do RJ ilumina pr\u00e9dios p\u00fablicos"},"content":{"rendered":"\n<p><\/p>\n\n\n\n<p><em>Come\u00e7a nesta quinta (1\/10) campanha de preven\u00e7\u00e3o contra os c\u00e2nceres de mama e de colo de \u00fatero<br><\/em><\/p>\n\n\n\n<p>O Governo do Estado do Rio de Janeiro ilumina pr\u00e9dios p\u00fablicos a partir desta quinta-feira (1\/10) em apoio \u00e0 campanha Outubro Rosa, que tem o objetivo de conscientizar sobre a import\u00e2ncia da preven\u00e7\u00e3o a dois tipos de c\u00e2nceres: o de mama e o de colo de \u00fatero. Al\u00e9m da sede do governo, o Pal\u00e1cio Guanabara, em Laranjeiras, tamb\u00e9m receber\u00e3o ilumina\u00e7\u00e3o especial o est\u00e1dio do Maracan\u00e3; o Grupamento Mar\u00edtimo do Corpo de Bombeiros, em Copacabana; o pr\u00e9dio do Detran-RJ, na Avenida Presidente Vargas, no Centro; e unidades da rede estadual de sa\u00fade.<br><br>Nesta quinta, estar\u00e3o iluminados de rosa o Instituto Estadual de Diabetes e Endocrinologia Luiz Capriglione, os hospitais da M\u00e3e e da Mulher e as Unidades de Pronto-Atendimento (UPAs) de Botafogo, Copacabana, Engenho Novo, Ilha do Governador, Iraj\u00e1, Jacarepagu\u00e1, Mar\u00e9 e Tijuca.<br><br>O Outubro Rosa \u00e9 um movimento internacional criado na d\u00e9cada de 1990, inicialmente para conscientiza\u00e7\u00e3o sobre as medidas controle do c\u00e2ncer de mama. Mais recentemente, a campanha passou refor\u00e7ar tamb\u00e9m os cuidados para evitar o c\u00e2ncer de colo de \u00fatero. A meta da campanha \u00e9 disseminar informa\u00e7\u00f5es sobre como \u00e9 poss\u00edvel se precaver para reduzir o risco de contrair a doen\u00e7a.<br><br>&#8211; Queremos aproveitar esse momento para destacar, em especial, a situa\u00e7\u00e3o do c\u00e2ncer do colo do \u00fatero. Trata-se de um agravo preven\u00edvel, mas que segue como o quarto tipo de c\u00e2ncer mais frequente em mulheres. Devemos incentivar a vacina\u00e7\u00e3o do HPV por meninas de 9 a 14 anos e de meninos dos 11 a 14 anos de idade, como forma de preven\u00e7\u00e3o &#8211; afirma a m\u00e9dica Leila Adesse, coordenadora da \u00e1rea t\u00e9cnica de Sa\u00fade das Mulheres da Secretaria de Estado de Sa\u00fade.<br><br>Em rela\u00e7\u00e3o ao c\u00e2ncer de mama, a m\u00e9dica enfatiza a import\u00e2ncia da realiza\u00e7\u00e3o de exames preventivos que possibilitam um diagn\u00f3stico precoce da doen\u00e7a.<br><br>&#8211; \u00c9 o segundo c\u00e2ncer mais frequente entre mulheres no Brasil. O acesso \u00e0 informa\u00e7\u00e3o atualizada e de f\u00e1cil compreens\u00e3o, bem como a garantia do acesso \u00e0 mamografia de qualidade e o in\u00edcio do tratamento em tempo oportuno, s\u00e3o fundamentais para a redu\u00e7\u00e3o da mortalidade das mulheres por essa causa &#8211; completa Leila.<\/p>\n\n\n\n<figure class=\"wp-block-gallery columns-1 is-cropped wp-block-gallery-1 is-layout-flex wp-block-gallery-is-layout-flex\"><ul class=\"blocks-gallery-grid\"><li class=\"blocks-gallery-item\"><figure><img loading=\"lazy\" decoding=\"async\" width=\"1024\" height=\"683\" src=\"https:\/\/tvc16.com\/portal\/wp-content\/uploads\/2020\/10\/PV-Outubro-Rosa-1024x683.jpg\" alt=\"\" data-id=\"1746\" data-full-url=\"https:\/\/tvc16.com\/portal\/wp-content\/uploads\/2020\/10\/PV-Outubro-Rosa-scaled.jpg\" data-link=\"https:\/\/tvc16.com\/portal\/?attachment_id=1746\" class=\"wp-image-1746\" srcset=\"https:\/\/tvc16.com\/portal\/wp-content\/uploads\/2020\/10\/PV-Outubro-Rosa-1024x683.jpg 1024w, https:\/\/tvc16.com\/portal\/wp-content\/uploads\/2020\/10\/PV-Outubro-Rosa-300x200.jpg 300w, https:\/\/tvc16.com\/portal\/wp-content\/uploads\/2020\/10\/PV-Outubro-Rosa-768x512.jpg 768w, https:\/\/tvc16.com\/portal\/wp-content\/uploads\/2020\/10\/PV-Outubro-Rosa-1536x1024.jpg 1536w\" sizes=\"auto, (max-width: 1024px) 100vw, 1024px\" \/><figcaption class=\"blocks-gallery-item__caption\">Rio de Janeiro &#8211; RJ &#8211; 30.09.2020 &#8211; Pal\u00e1cio Guanabara iluminado com as cores do Outubro Rosa. Foto: Paulo Vitor<\/figcaption><\/figure><\/li><\/ul><\/figure>\n\n\n\n<p>Fotos: Paulo V\u00edtor<\/p>\n","protected":false},"excerpt":{"rendered":"<p>Come\u00e7a nesta quinta (1\/10) campanha de preven\u00e7\u00e3o contra os c\u00e2nceres de mama e de colo<\/p>\n","protected":false},"author":2,"featured_media":1747,"comment_status":"open","ping_status":"open","sticky":false,"template":"","format":"standard","meta":{"footnotes":""},"categories":[13],"tags":[],"class_list":["post-1745","post","type-post","status-publish","format-standard","has-post-thumbnail","hentry","category-saude"],"_links":{"self":[{"href":"https:\/\/tvc16.com\/portal\/wp-json\/wp\/v2\/posts\/1745","targetHints":{"allow":["GET"]}}],"collection":[{"href":"https:\/\/tvc16.com\/portal\/wp-json\/wp\/v2\/posts"}],"about":[{"href":"https:\/\/tvc16.com\/portal\/wp-json\/wp\/v2\/types\/post"}],"author":[{"embeddable":true,"href":"https:\/\/tvc16.com\/portal\/wp-json\/wp\/v2\/users\/2"}],"replies":[{"embeddable":true,"href":"https:\/\/tvc16.com\/portal\/wp-json\/wp\/v2\/comments?post=1745"}],"version-history":[{"count":1,"href":"https:\/\/tvc16.com\/portal\/wp-json\/wp\/v2\/posts\/1745\/revisions"}],"predecessor-version":[{"id":1748,"href":"https:\/\/tvc16.com\/portal\/wp-json\/wp\/v2\/posts\/1745\/revisions\/1748"}],"wp:featuredmedia":[{"embeddable":true,"href":"https:\/\/tvc16.com\/portal\/wp-json\/wp\/v2\/media\/1747"}],"wp:attachment":[{"href":"https:\/\/tvc16.com\/portal\/wp-json\/wp\/v2\/media?parent=1745"}],"wp:term":[{"taxonomy":"category","embeddable":true,"href":"https:\/\/tvc16.com\/portal\/wp-json\/wp\/v2\/categories?post=1745"},{"taxonomy":"post_tag","embeddable":true,"href":"https:\/\/tvc16.com\/portal\/wp-json\/wp\/v2\/tags?post=1745"}],"curies":[{"name":"wp","href":"https:\/\/api.w.org\/{rel}","templated":true}]}}