{"id":1749,"date":"2020-10-01T19:15:17","date_gmt":"2020-10-01T19:15:17","guid":{"rendered":"https:\/\/tvc16.com\/portal\/?p=1749"},"modified":"2020-10-01T19:15:17","modified_gmt":"2020-10-01T19:15:17","slug":"firjan-senai-abre-novo-edital-com-quase-mil-vagas-gratuitas","status":"publish","type":"post","link":"https:\/\/tvc16.com\/portal\/2020\/10\/01\/firjan-senai-abre-novo-edital-com-quase-mil-vagas-gratuitas\/","title":{"rendered":"Firjan SENAI abre novo edital com quase mil vagas gratuitas"},"content":{"rendered":"\n<p><\/p>\n\n\n\n<p><strong>As oportunidades na modalidade qualifica\u00e7\u00e3o profissional s\u00e3o para candidatos com renda familiar mensal per capita bruta de no m\u00e1ximo 1,5 sal\u00e1rios m\u00ednimos federal.<\/strong><\/p>\n\n\n\n<p>Rio de Janeiro, 1\u00ba de outubro de 2020<\/p>\n\n\n\n<p>A&nbsp;<strong>Firjan SENAI<\/strong>&nbsp;oferece&nbsp;<strong>985 vagas gratuitas<\/strong>&nbsp;para&nbsp;<strong>cursos da modalidade qualifica\u00e7\u00e3o profissional totalmente a dist\u00e2ncia&nbsp;<\/strong>em todo o estado do Rio. As oportunidades s\u00e3o&nbsp;<strong>para o p\u00fablico em geral<\/strong>, com&nbsp;<strong>renda familiar mensal per capita de no m\u00e1ximo 1,5 sal\u00e1rio m\u00ednimo federal<\/strong>. J\u00e1 os pr\u00e9-requisitos de&nbsp;<strong>idade e escolaridade s\u00e3o de acordo com cada t\u00edtulo.&nbsp;<\/strong>As inscri\u00e7\u00f5es devem ser realizadas at\u00e9 o<strong>&nbsp;dia 12 de outubro<\/strong>, no site&nbsp;<a rel=\"noreferrer noopener\" target=\"_blank\" href=\"https:\/\/nam02.safelinks.protection.outlook.com\/?url=http%3A%2F%2Fwww.firjansenai.com.br%2Fvagasgratuitas&amp;data=02%7C01%7CCFARAUJO%40firjan.com.br%7C365e21667bd44406497808d8661307db%7Cd0c698d4e4ea4ee9a79df2d7a78399c8%7C0%7C0%7C637371579270801290&amp;sdata=3SOlRSRJCllBtkCVHnKpOgUWshnuURadYjfcVN1eyR4%3D&amp;reserved=0\">www.firjansenai.com.br\/vagasgratuitas<\/a>.<\/p>\n\n\n\n<p>S\u00e3o&nbsp;<strong>13 t\u00edtulos<\/strong>, com&nbsp;<strong>carga hor\u00e1ria entre 160 e 240 horas<\/strong>, e o&nbsp;<strong>in\u00edcio das aulas ser\u00e1 a partir do dia 06\/10<\/strong>. As oportunidades s\u00e3o para&nbsp;<strong>diversas \u00e1reas<\/strong>, como Assistente de Produ\u00e7\u00e3o Industrial, Eletricista de Autom\u00f3veis e Mec\u00e2nico de Refrigera\u00e7\u00e3o e Climatiza\u00e7\u00e3o Residencial.&nbsp;&nbsp;<\/p>\n\n\n\n<p>Segundo&nbsp;<strong>Edson Melo, gerente de Educa\u00e7\u00e3o Profissional da Firjan SENAI<\/strong>, a prioridade \u00e9 investir na qualidade da forma\u00e7\u00e3o dos alunos para um mundo que se torna cada vez mais tecnol\u00f3gico. \u201cCom a pandemia, muitas restri\u00e7\u00f5es foram impostas a pessoas e institui\u00e7\u00f5es, destacando a suspens\u00e3o das aulas presenciais. Nesse contexto e com o foco na forma\u00e7\u00e3o do aluno com a qualidade da Firjan SENAI, mergulhamos nos processos de aprendizagem e estruturamos oferta de cursos vi\u00e1veis para desenvolvimento on-line, com a certeza de atender as necessidades da ind\u00fastria e da sociedade em geral\u201d, afirma Melo.<\/p>\n\n\n\n<p><strong>N\u00e3o haver\u00e1 prova de sele\u00e7\u00e3o.<\/strong>&nbsp;As vagas ser\u00e3o preenchidas por ordem de inscri\u00e7\u00e3o, considerando o n\u00famero de vagas divulgado no edital, e nesse momento o candidato dever\u00e1 anexar os documentos exigidos. Depois disso, a Firjan SENAI ir\u00e1 realizar confer\u00eancia da documenta\u00e7\u00e3o e, se estiver tudo certo, efetivar\u00e1 a matr\u00edcula do estudante no curso pretendido.<\/p>\n\n\n\n<p>O&nbsp;<strong>edital completo<\/strong>, com toda a documenta\u00e7\u00e3o necess\u00e1ria, est\u00e1 dispon\u00edvel no site:&nbsp;<a rel=\"noreferrer noopener\" target=\"_blank\" href=\"https:\/\/nam02.safelinks.protection.outlook.com\/?url=http%3A%2F%2Fwww.firjansenai.com.br%2Fvagasgratuitas&amp;data=02%7C01%7CCFARAUJO%40firjan.com.br%7C365e21667bd44406497808d8661307db%7Cd0c698d4e4ea4ee9a79df2d7a78399c8%7C0%7C0%7C637371579270971190&amp;sdata=ocySmExlctZQO7gBJUgO2cfMG278agSZeNl2wJgc228%3D&amp;reserved=0\">www.firjansenai.com.br\/vagasgratuitas<\/a>&nbsp;. Mais informa\u00e7\u00f5es tamb\u00e9m podem ser obtidas atrav\u00e9s do telefone 0800 0231 231.<\/p>\n\n\n\n<p><strong>Cursos de Qualifica\u00e7\u00e3o Profissional<\/strong><\/p>\n\n\n\n<p>Instalador e Reparador de Redes de Computadores; Assistente de Controle de Qualidade; Almoxarife; Auxiliar de Opera\u00e7\u00f5es em Log\u00edstica; Assistente de Produ\u00e7\u00e3o Industrial; Pizzaiolo; Mantenedor e Controler de Plantas Industriais; Controlador e Programador de Produ\u00e7\u00e3o; Desenhista de Projetos El\u00e9tricos Industriais; Eletricista de Autom\u00f3veis; Eletricista Instalador Residencial; Mec\u00e2nico de Refrigera\u00e7\u00e3o e Climatiza\u00e7\u00e3o Residencial; e Mec\u00e2nico de Manuten\u00e7\u00e3o de Equipamentos Hidropneum\u00e1ticos.<\/p>\n","protected":false},"excerpt":{"rendered":"<p>As oportunidades na modalidade qualifica\u00e7\u00e3o profissional s\u00e3o para candidatos com renda familiar mensal per capita<\/p>\n","protected":false},"author":2,"featured_media":1750,"comment_status":"open","ping_status":"open","sticky":false,"template":"","format":"standard","meta":{"footnotes":""},"categories":[19],"tags":[],"class_list":["post-1749","post","type-post","status-publish","format-standard","has-post-thumbnail","hentry","category-educacao"],"_links":{"self":[{"href":"https:\/\/tvc16.com\/portal\/wp-json\/wp\/v2\/posts\/1749","targetHints":{"allow":["GET"]}}],"collection":[{"href":"https:\/\/tvc16.com\/portal\/wp-json\/wp\/v2\/posts"}],"about":[{"href":"https:\/\/tvc16.com\/portal\/wp-json\/wp\/v2\/types\/post"}],"author":[{"embeddable":true,"href":"https:\/\/tvc16.com\/portal\/wp-json\/wp\/v2\/users\/2"}],"replies":[{"embeddable":true,"href":"https:\/\/tvc16.com\/portal\/wp-json\/wp\/v2\/comments?post=1749"}],"version-history":[{"count":1,"href":"https:\/\/tvc16.com\/portal\/wp-json\/wp\/v2\/posts\/1749\/revisions"}],"predecessor-version":[{"id":1751,"href":"https:\/\/tvc16.com\/portal\/wp-json\/wp\/v2\/posts\/1749\/revisions\/1751"}],"wp:featuredmedia":[{"embeddable":true,"href":"https:\/\/tvc16.com\/portal\/wp-json\/wp\/v2\/media\/1750"}],"wp:attachment":[{"href":"https:\/\/tvc16.com\/portal\/wp-json\/wp\/v2\/media?parent=1749"}],"wp:term":[{"taxonomy":"category","embeddable":true,"href":"https:\/\/tvc16.com\/portal\/wp-json\/wp\/v2\/categories?post=1749"},{"taxonomy":"post_tag","embeddable":true,"href":"https:\/\/tvc16.com\/portal\/wp-json\/wp\/v2\/tags?post=1749"}],"curies":[{"name":"wp","href":"https:\/\/api.w.org\/{rel}","templated":true}]}}