{"id":1755,"date":"2020-10-01T19:41:54","date_gmt":"2020-10-01T19:41:54","guid":{"rendered":"https:\/\/tvc16.com\/portal\/?p=1755"},"modified":"2020-10-01T19:41:54","modified_gmt":"2020-10-01T19:41:54","slug":"parceria-entre-brasil-e-alemanha-incentiva-pesquisa-sobre-tecnologia","status":"publish","type":"post","link":"https:\/\/tvc16.com\/portal\/2020\/10\/01\/parceria-entre-brasil-e-alemanha-incentiva-pesquisa-sobre-tecnologia\/","title":{"rendered":"Parceria entre Brasil e Alemanha incentiva pesquisa sobre tecnologia"},"content":{"rendered":"\n<p>Brasil e Alemanha trabalham juntos em uma iniciativa para incentivar a pesquisa sobre tecnologia em manufatura. Trata-se do programa Bragecrim, fruto de uma parceria entre a <a href=\"https:\/\/www.gov.br\/capes\/pt-br\">Coordena\u00e7\u00e3o de Aperfei\u00e7oamento de Pessoal de N\u00edvel Superior<\/a> (CAPES) e a Funda\u00e7\u00e3o Alem\u00e3 de Pesquisa.&nbsp;<\/p>\n\n\n\n<p>O principal objetivo do programa \u00e9 a coopera\u00e7\u00e3o e o fortalecimento sustent\u00e1vel do setor industrial de ambos os pa\u00edses. Na \u00faltima ter\u00e7a-feira (29), representantes dos dois pa\u00edses se reuniram para alinhar e planejar as a\u00e7\u00f5es a serem realizadas, de modo virtual. &nbsp;Essa troca de conhecimento ocorrer uma vez por ano.&nbsp;<\/p>\n\n\n\n<p>Fonte: <a href=\"https:\/\/brasil61.com\/noticias\/parceria-entre-brasil-e-alemanha-incentiva-pesquisa-sobre-tecnologia-em-manufatura-bras202056?email=bethdeoliveira@yahoo.com.br&amp;utm_source=newsletter&amp;utm_medium=newsletter&amp;utm_campaign=newsletter\" target=\"_blank\" rel=\"noreferrer noopener\">Brasil 61<\/a><\/p>\n","protected":false},"excerpt":{"rendered":"<p>Brasil e Alemanha trabalham juntos em uma iniciativa para incentivar a pesquisa sobre tecnologia em<\/p>\n","protected":false},"author":2,"featured_media":1756,"comment_status":"open","ping_status":"open","sticky":false,"template":"","format":"standard","meta":{"footnotes":""},"categories":[16],"tags":[],"class_list":["post-1755","post","type-post","status-publish","format-standard","has-post-thumbnail","hentry","category-colunistas"],"_links":{"self":[{"href":"https:\/\/tvc16.com\/portal\/wp-json\/wp\/v2\/posts\/1755","targetHints":{"allow":["GET"]}}],"collection":[{"href":"https:\/\/tvc16.com\/portal\/wp-json\/wp\/v2\/posts"}],"about":[{"href":"https:\/\/tvc16.com\/portal\/wp-json\/wp\/v2\/types\/post"}],"author":[{"embeddable":true,"href":"https:\/\/tvc16.com\/portal\/wp-json\/wp\/v2\/users\/2"}],"replies":[{"embeddable":true,"href":"https:\/\/tvc16.com\/portal\/wp-json\/wp\/v2\/comments?post=1755"}],"version-history":[{"count":1,"href":"https:\/\/tvc16.com\/portal\/wp-json\/wp\/v2\/posts\/1755\/revisions"}],"predecessor-version":[{"id":1757,"href":"https:\/\/tvc16.com\/portal\/wp-json\/wp\/v2\/posts\/1755\/revisions\/1757"}],"wp:featuredmedia":[{"embeddable":true,"href":"https:\/\/tvc16.com\/portal\/wp-json\/wp\/v2\/media\/1756"}],"wp:attachment":[{"href":"https:\/\/tvc16.com\/portal\/wp-json\/wp\/v2\/media?parent=1755"}],"wp:term":[{"taxonomy":"category","embeddable":true,"href":"https:\/\/tvc16.com\/portal\/wp-json\/wp\/v2\/categories?post=1755"},{"taxonomy":"post_tag","embeddable":true,"href":"https:\/\/tvc16.com\/portal\/wp-json\/wp\/v2\/tags?post=1755"}],"curies":[{"name":"wp","href":"https:\/\/api.w.org\/{rel}","templated":true}]}}