{"id":1761,"date":"2020-10-02T11:10:06","date_gmt":"2020-10-02T11:10:06","guid":{"rendered":"https:\/\/tvc16.com\/portal\/?p=1761"},"modified":"2020-10-02T11:10:06","modified_gmt":"2020-10-02T11:10:06","slug":"quinta-feira-nao-tem-registro-de-obitos-por-covid-19","status":"publish","type":"post","link":"https:\/\/tvc16.com\/portal\/2020\/10\/02\/quinta-feira-nao-tem-registro-de-obitos-por-covid-19\/","title":{"rendered":"Quinta-feira n\u00e3o tem registro de \u00f3bitos por Covid-19"},"content":{"rendered":"\n<p>O n\u00famero de recuperados no coronav\u00edrus em Petr\u00f3polis j\u00e1 chegou a cerca de 68% do total de infectados nesta quinta-feira (1\u00b0). Segundo o boletim epidemiol\u00f3gico da Secretaria Municipal de Sa\u00fade, a cidade tem 6.901 infectados. Destes, 4.739 j\u00e1 foram curados da covid-19. O n\u00famero de \u00f3bitos em decorr\u00eancia da doen\u00e7a \u00e9 de 232 desde o in\u00edcio da pandemia.<\/p>\n\n\n\n<p>De acordo com o boletim, at\u00e9 o momento foram realizados 62.563 testes na cidade. Desses, 55.068 resultaram negativos, 6.901 positivos e 594 est\u00e3o em an\u00e1lise, entre PCR e testes r\u00e1pidos. H\u00e1 66 pacientes internados na cidade, podendo ser casos positivos ou em investiga\u00e7\u00e3o esperando o resultado do teste. <\/p>\n\n\n\n<p>O monitoramento da Sa\u00fade aponta, ainda, que 4.739 pessoas est\u00e3o curadas do coronav\u00edrus. Esse n\u00famero se refere \u00e0s pessoas que estiveram internadas nas unidades hospitalares da cidade ou que se mantiveram em isolamento domiciliar e que, hoje, n\u00e3o apresentam mais os principais sintomas da doen\u00e7a.Nesta quinta-feira (1\u00b0) o munic\u00edpio contabiliza pelo SUS 25,93% dos leitos cl\u00ednicos e 34,34% de UTI ocupados com pacientes infectados com coronav\u00edrus.<\/p>\n","protected":false},"excerpt":{"rendered":"<p>O n\u00famero de recuperados no coronav\u00edrus em Petr\u00f3polis j\u00e1 chegou a cerca de 68% do<\/p>\n","protected":false},"author":2,"featured_media":1762,"comment_status":"open","ping_status":"open","sticky":false,"template":"","format":"standard","meta":{"footnotes":""},"categories":[12],"tags":[],"class_list":["post-1761","post","type-post","status-publish","format-standard","has-post-thumbnail","hentry","category-cidade"],"_links":{"self":[{"href":"https:\/\/tvc16.com\/portal\/wp-json\/wp\/v2\/posts\/1761","targetHints":{"allow":["GET"]}}],"collection":[{"href":"https:\/\/tvc16.com\/portal\/wp-json\/wp\/v2\/posts"}],"about":[{"href":"https:\/\/tvc16.com\/portal\/wp-json\/wp\/v2\/types\/post"}],"author":[{"embeddable":true,"href":"https:\/\/tvc16.com\/portal\/wp-json\/wp\/v2\/users\/2"}],"replies":[{"embeddable":true,"href":"https:\/\/tvc16.com\/portal\/wp-json\/wp\/v2\/comments?post=1761"}],"version-history":[{"count":1,"href":"https:\/\/tvc16.com\/portal\/wp-json\/wp\/v2\/posts\/1761\/revisions"}],"predecessor-version":[{"id":1763,"href":"https:\/\/tvc16.com\/portal\/wp-json\/wp\/v2\/posts\/1761\/revisions\/1763"}],"wp:featuredmedia":[{"embeddable":true,"href":"https:\/\/tvc16.com\/portal\/wp-json\/wp\/v2\/media\/1762"}],"wp:attachment":[{"href":"https:\/\/tvc16.com\/portal\/wp-json\/wp\/v2\/media?parent=1761"}],"wp:term":[{"taxonomy":"category","embeddable":true,"href":"https:\/\/tvc16.com\/portal\/wp-json\/wp\/v2\/categories?post=1761"},{"taxonomy":"post_tag","embeddable":true,"href":"https:\/\/tvc16.com\/portal\/wp-json\/wp\/v2\/tags?post=1761"}],"curies":[{"name":"wp","href":"https:\/\/api.w.org\/{rel}","templated":true}]}}