{"id":1764,"date":"2020-10-02T11:12:33","date_gmt":"2020-10-02T11:12:33","guid":{"rendered":"https:\/\/tvc16.com\/portal\/?p=1764"},"modified":"2020-10-02T11:12:33","modified_gmt":"2020-10-02T11:12:33","slug":"comando-do-15o-gbm-sera-modificado","status":"publish","type":"post","link":"https:\/\/tvc16.com\/portal\/2020\/10\/02\/comando-do-15o-gbm-sera-modificado\/","title":{"rendered":"Comando do 15\u00ba GBM ser\u00e1 modificado"},"content":{"rendered":"\n<p>O tenente-coronel Gil Kempers anunciou no in\u00edcio da tarde desta quinta-feira (1\u00b0) que vai deixar o comando do 15\u00ba Grupamento de Bombeiros Militares (GBM). O militar informou que assumir\u00e1 outra fun\u00e7\u00e3o dentro do Corpo de Bombeiros do Estado do Rio de Janeiro. No lugar dele assume o tenente-coronel Luiz Diogo.<\/p>\n","protected":false},"excerpt":{"rendered":"<p>O tenente-coronel Gil Kempers anunciou no in\u00edcio da tarde desta quinta-feira (1\u00b0) que vai deixar<\/p>\n","protected":false},"author":2,"featured_media":1765,"comment_status":"open","ping_status":"open","sticky":false,"template":"","format":"standard","meta":{"footnotes":""},"categories":[12],"tags":[],"class_list":["post-1764","post","type-post","status-publish","format-standard","has-post-thumbnail","hentry","category-cidade"],"_links":{"self":[{"href":"https:\/\/tvc16.com\/portal\/wp-json\/wp\/v2\/posts\/1764","targetHints":{"allow":["GET"]}}],"collection":[{"href":"https:\/\/tvc16.com\/portal\/wp-json\/wp\/v2\/posts"}],"about":[{"href":"https:\/\/tvc16.com\/portal\/wp-json\/wp\/v2\/types\/post"}],"author":[{"embeddable":true,"href":"https:\/\/tvc16.com\/portal\/wp-json\/wp\/v2\/users\/2"}],"replies":[{"embeddable":true,"href":"https:\/\/tvc16.com\/portal\/wp-json\/wp\/v2\/comments?post=1764"}],"version-history":[{"count":1,"href":"https:\/\/tvc16.com\/portal\/wp-json\/wp\/v2\/posts\/1764\/revisions"}],"predecessor-version":[{"id":1766,"href":"https:\/\/tvc16.com\/portal\/wp-json\/wp\/v2\/posts\/1764\/revisions\/1766"}],"wp:featuredmedia":[{"embeddable":true,"href":"https:\/\/tvc16.com\/portal\/wp-json\/wp\/v2\/media\/1765"}],"wp:attachment":[{"href":"https:\/\/tvc16.com\/portal\/wp-json\/wp\/v2\/media?parent=1764"}],"wp:term":[{"taxonomy":"category","embeddable":true,"href":"https:\/\/tvc16.com\/portal\/wp-json\/wp\/v2\/categories?post=1764"},{"taxonomy":"post_tag","embeddable":true,"href":"https:\/\/tvc16.com\/portal\/wp-json\/wp\/v2\/tags?post=1764"}],"curies":[{"name":"wp","href":"https:\/\/api.w.org\/{rel}","templated":true}]}}