{"id":1767,"date":"2020-10-02T11:15:38","date_gmt":"2020-10-02T11:15:38","guid":{"rendered":"https:\/\/tvc16.com\/portal\/?p=1767"},"modified":"2020-10-02T11:15:38","modified_gmt":"2020-10-02T11:15:38","slug":"homem-comete-vandalismo-na-rodoviaria-e-e-flagrado","status":"publish","type":"post","link":"https:\/\/tvc16.com\/portal\/2020\/10\/02\/homem-comete-vandalismo-na-rodoviaria-e-e-flagrado\/","title":{"rendered":"Homem comete vandalismo na rodovi\u00e1ria e \u00e9 flagrado"},"content":{"rendered":"\n<p>Um homem foi detido por agentes da Guarda Civil Municipal, na noite de quarta-feira (30), por praticar ato de vandalismo arrancando um banner externo do Terminal Rodovi\u00e1rio do Centro. O cidad\u00e3o foi encaminhado \u00e0 105\u00aa Delegacia de Pol\u00edcia, do Retiro, onde foi autuado.<\/p>\n\n\n\n<figure class=\"wp-block-image size-medium\"><img loading=\"lazy\" decoding=\"async\" width=\"225\" height=\"300\" src=\"https:\/\/tvc16.com\/portal\/wp-content\/uploads\/2020\/10\/120594181_10157342700472161_4207818345092443007_o-225x300.jpg\" alt=\"\" class=\"wp-image-1770\" srcset=\"https:\/\/tvc16.com\/portal\/wp-content\/uploads\/2020\/10\/120594181_10157342700472161_4207818345092443007_o-225x300.jpg 225w, https:\/\/tvc16.com\/portal\/wp-content\/uploads\/2020\/10\/120594181_10157342700472161_4207818345092443007_o-768x1024.jpg 768w, https:\/\/tvc16.com\/portal\/wp-content\/uploads\/2020\/10\/120594181_10157342700472161_4207818345092443007_o.jpg 960w\" sizes=\"auto, (max-width: 225px) 100vw, 225px\" \/><\/figure>\n\n\n\n<figure class=\"wp-block-image size-medium\"><img loading=\"lazy\" decoding=\"async\" width=\"225\" height=\"300\" src=\"https:\/\/tvc16.com\/portal\/wp-content\/uploads\/2020\/10\/120223419_10157342700567161_546521833493266772_o-1-225x300.jpg\" alt=\"\" class=\"wp-image-1771\" srcset=\"https:\/\/tvc16.com\/portal\/wp-content\/uploads\/2020\/10\/120223419_10157342700567161_546521833493266772_o-1-225x300.jpg 225w, https:\/\/tvc16.com\/portal\/wp-content\/uploads\/2020\/10\/120223419_10157342700567161_546521833493266772_o-1-768x1024.jpg 768w, https:\/\/tvc16.com\/portal\/wp-content\/uploads\/2020\/10\/120223419_10157342700567161_546521833493266772_o-1.jpg 960w\" sizes=\"auto, (max-width: 225px) 100vw, 225px\" \/><\/figure>\n","protected":false},"excerpt":{"rendered":"<p>Um homem foi detido por agentes da Guarda Civil Municipal, na noite de quarta-feira (30),<\/p>\n","protected":false},"author":2,"featured_media":1768,"comment_status":"open","ping_status":"open","sticky":false,"template":"","format":"standard","meta":{"footnotes":""},"categories":[12],"tags":[],"class_list":["post-1767","post","type-post","status-publish","format-standard","has-post-thumbnail","hentry","category-cidade"],"_links":{"self":[{"href":"https:\/\/tvc16.com\/portal\/wp-json\/wp\/v2\/posts\/1767","targetHints":{"allow":["GET"]}}],"collection":[{"href":"https:\/\/tvc16.com\/portal\/wp-json\/wp\/v2\/posts"}],"about":[{"href":"https:\/\/tvc16.com\/portal\/wp-json\/wp\/v2\/types\/post"}],"author":[{"embeddable":true,"href":"https:\/\/tvc16.com\/portal\/wp-json\/wp\/v2\/users\/2"}],"replies":[{"embeddable":true,"href":"https:\/\/tvc16.com\/portal\/wp-json\/wp\/v2\/comments?post=1767"}],"version-history":[{"count":1,"href":"https:\/\/tvc16.com\/portal\/wp-json\/wp\/v2\/posts\/1767\/revisions"}],"predecessor-version":[{"id":1772,"href":"https:\/\/tvc16.com\/portal\/wp-json\/wp\/v2\/posts\/1767\/revisions\/1772"}],"wp:featuredmedia":[{"embeddable":true,"href":"https:\/\/tvc16.com\/portal\/wp-json\/wp\/v2\/media\/1768"}],"wp:attachment":[{"href":"https:\/\/tvc16.com\/portal\/wp-json\/wp\/v2\/media?parent=1767"}],"wp:term":[{"taxonomy":"category","embeddable":true,"href":"https:\/\/tvc16.com\/portal\/wp-json\/wp\/v2\/categories?post=1767"},{"taxonomy":"post_tag","embeddable":true,"href":"https:\/\/tvc16.com\/portal\/wp-json\/wp\/v2\/tags?post=1767"}],"curies":[{"name":"wp","href":"https:\/\/api.w.org\/{rel}","templated":true}]}}