{"id":177,"date":"2020-07-17T09:58:17","date_gmt":"2020-07-17T09:58:17","guid":{"rendered":"https:\/\/tvc16.com\/portal\/?p=177"},"modified":"2020-07-17T11:21:00","modified_gmt":"2020-07-17T11:21:00","slug":"camara-aprova-socorro-ao-esporte-durante-a-pandemia","status":"publish","type":"post","link":"https:\/\/tvc16.com\/portal\/2020\/07\/17\/camara-aprova-socorro-ao-esporte-durante-a-pandemia\/","title":{"rendered":"C\u00e2mara aprova socorro ao esporte durante a pandemia"},"content":{"rendered":"\n<p>A&nbsp;<strong><a href=\"https:\/\/jovempan.com.br\/tag\/camara-dos-deputados\">C\u00e2mara dos Deputados<\/a><\/strong>&nbsp;aprovou nesta quinta-feira (16) a\u00e7\u00f5es emergenciais destinadas ao setor esportivo enquanto as medidas de isolamento ou quarentena estiverem vigentes no pa\u00eds. Entre as a\u00e7\u00f5es aprovadas est\u00e3o o aux\u00edlio para atletas, a renegocia\u00e7\u00e3o de d\u00edvidas de entidades e a cria\u00e7\u00e3o de linhas de cr\u00e9dito. O valor total do socorro \u00e9 de R$ 1,6 bilh\u00e3o. Com a aprova\u00e7\u00e3o, o texto segue para an\u00e1lise no&nbsp;<strong><a href=\"https:\/\/jovempan.com.br\/tag\/senado\">Senado<\/a><\/strong>.<\/p>\n\n\n\n<p>O plen\u00e1rio aprovou as altera\u00e7\u00f5es do relator, deputado Alexandre Frota (PSDB-SP), ao Projeto de Lei 2824\/20, do deputado Felipe Carreras (PSB-PE). Frota incorporou ao texto sugest\u00f5es de propostas apensadas, como o aux\u00edlio emergencial previsto no Projeto de Lei 3106\/20, do deputado Marcelo Ramos (PL-AM). Pelo texto aprovado nesta quinta, profissionais do setor ter\u00e3o direito a tr\u00eas parcelas de aux\u00edlio emergencial de R$ 600. A regra vale para atletas, paratletas, t\u00e9cnicos, preparadores, professores de educa\u00e7\u00e3o f\u00edsica, \u00e1rbitros, promotores de competi\u00e7\u00f5es, profissionais de sa\u00fade, massagistas, entre outros.<\/p>\n\n\n\n<h3 class=\"wp-block-heading\">Requisitos<\/h3>\n\n\n\n<p>Para receber o aux\u00edlio, os profissionais devem comprovar atua\u00e7\u00e3o na \u00e1rea esportiva nos 24 meses anteriores \u00e0 lei, n\u00e3o ter emprego formal ativo, e cumprir os seguintes requisitos financeiros: renda per capita de at\u00e9 meio sal\u00e1rio m\u00ednimo ou renda familiar mensal de at\u00e9 tr\u00eas sal\u00e1rios. Quem recebe aposentadoria, seguro-desemprego, Bolsa-Atleta ou j\u00e1 recebeu o benef\u00edcio emergencial tamb\u00e9m n\u00e3o poder\u00e1 receber o aux\u00edlio. O trabalhador dever\u00e1 comprovar inscri\u00e7\u00e3o em cadastros de esporte, e o regulamento da lei pode permitir inclus\u00e3o nos cadastros de forma autodeclarat\u00f3ria ou documental.<\/p>\n\n\n\n<h3 class=\"wp-block-heading\">Atletas<\/h3>\n\n\n\n<p>Atletas e paratletas poder\u00e3o receber, a titulo de premia\u00e7\u00e3o, at\u00e9 R$ 30 mil. O valor equivale ao Imposto de Renda incidente sobre as premia\u00e7\u00f5es recebidas durante o estado de calamidade p\u00fablica \u2013 at\u00e9 31 de dezembro de 2020 \u2013 no \u00e2mbito de entidades locais ou internacionais de administra\u00e7\u00e3o esportiva. A inclus\u00e3o no Bolsa-Atleta durante a pandemia poder\u00e1 levar em conta competi\u00e7\u00f5es ocorridas em 2019 ou 2020, com exce\u00e7\u00e3o das modalidades voltas ao alto rendimento (categoria Atleta P\u00f3dio).<\/p>\n\n\n\n<h3 class=\"wp-block-heading\">Entidades<\/h3>\n\n\n\n<p>A proposta prev\u00ea ainda linhas de cr\u00e9dito para pessoas f\u00edsicas e micro e pequenas empresas do setor; renegocia\u00e7\u00e3o de d\u00edvidas tribut\u00e1rias; regras para a retomada de competi\u00e7\u00f5es esportivas \u2013 com incentivo \u00e0s modalidades transmitidas pela internet e cumprimento de regras sanit\u00e1rias. O texto aprovado tamb\u00e9m inclui medidas de governan\u00e7a para clubes e outras entidades esportivas: garantia de que n\u00e3o haver\u00e1 fraude em vota\u00e7\u00f5es n\u00e3o presenciais; publicidade \u00e0s contas; responsabiliza\u00e7\u00e3o de dirigentes por il\u00edcitos praticados; entre outros.<\/p>\n\n\n\n<p>*Com informa\u00e7\u00f5es da Ag\u00eancia C\u00e2mara de Not\u00edcias<\/p>\n","protected":false},"excerpt":{"rendered":"<p>A&nbsp;C\u00e2mara dos Deputados&nbsp;aprovou nesta quinta-feira (16) a\u00e7\u00f5es emergenciais destinadas ao setor esportivo enquanto as medidas<\/p>\n","protected":false},"author":1,"featured_media":178,"comment_status":"closed","ping_status":"closed","sticky":false,"template":"","format":"standard","meta":{"footnotes":""},"categories":[15],"tags":[],"class_list":["post-177","post","type-post","status-publish","format-standard","has-post-thumbnail","hentry","category-politica"],"_links":{"self":[{"href":"https:\/\/tvc16.com\/portal\/wp-json\/wp\/v2\/posts\/177","targetHints":{"allow":["GET"]}}],"collection":[{"href":"https:\/\/tvc16.com\/portal\/wp-json\/wp\/v2\/posts"}],"about":[{"href":"https:\/\/tvc16.com\/portal\/wp-json\/wp\/v2\/types\/post"}],"author":[{"embeddable":true,"href":"https:\/\/tvc16.com\/portal\/wp-json\/wp\/v2\/users\/1"}],"replies":[{"embeddable":true,"href":"https:\/\/tvc16.com\/portal\/wp-json\/wp\/v2\/comments?post=177"}],"version-history":[{"count":1,"href":"https:\/\/tvc16.com\/portal\/wp-json\/wp\/v2\/posts\/177\/revisions"}],"predecessor-version":[{"id":179,"href":"https:\/\/tvc16.com\/portal\/wp-json\/wp\/v2\/posts\/177\/revisions\/179"}],"wp:featuredmedia":[{"embeddable":true,"href":"https:\/\/tvc16.com\/portal\/wp-json\/wp\/v2\/media\/178"}],"wp:attachment":[{"href":"https:\/\/tvc16.com\/portal\/wp-json\/wp\/v2\/media?parent=177"}],"wp:term":[{"taxonomy":"category","embeddable":true,"href":"https:\/\/tvc16.com\/portal\/wp-json\/wp\/v2\/categories?post=177"},{"taxonomy":"post_tag","embeddable":true,"href":"https:\/\/tvc16.com\/portal\/wp-json\/wp\/v2\/tags?post=177"}],"curies":[{"name":"wp","href":"https:\/\/api.w.org\/{rel}","templated":true}]}}