{"id":1779,"date":"2020-10-02T14:17:11","date_gmt":"2020-10-02T14:17:11","guid":{"rendered":"https:\/\/tvc16.com\/portal\/?p=1779"},"modified":"2020-10-02T14:17:34","modified_gmt":"2020-10-02T14:17:34","slug":"traficantes-sao-presos-com-drogas-no-provisoria","status":"publish","type":"post","link":"https:\/\/tvc16.com\/portal\/2020\/10\/02\/traficantes-sao-presos-com-drogas-no-provisoria\/","title":{"rendered":"Traficantes s\u00e3o presos com drogas no Provis\u00f3ria"},"content":{"rendered":"\n<p>Um rapaz, de 18 anos, foi flagrado pela Pol\u00edcia Militar vendendo drogas, na quinta-feira (01), na Rua Brigadeiro Castrioto, no Provis\u00f3ria. Outros suspeitos que estavam com ele conseguiram fugir ap\u00f3s perceberem a presen\u00e7a dos agentes. Com ele havia 39 c\u00e1psulas de coca\u00edna (120), um r\u00e1dio transmissor e R$ 10 em dinheiro. Diante disso, o acusado foi levado para a 105\u00aa Delegacia de Pol\u00edcia, no Retiro, onde foi autuado por tr\u00e1fico de drogas e permaneceu preso. Vale ressaltar que o jovem j\u00e1 possu\u00eda diversas anota\u00e7\u00f5es criminais.<\/p>\n\n\n\n<figure class=\"wp-block-image size-large\"><img loading=\"lazy\" decoding=\"async\" width=\"768\" height=\"1024\" src=\"https:\/\/tvc16.com\/portal\/wp-content\/uploads\/2020\/10\/WhatsApp-Image-2020-10-02-at-08.55.45.jpeg\" alt=\"\" class=\"wp-image-1782\" srcset=\"https:\/\/tvc16.com\/portal\/wp-content\/uploads\/2020\/10\/WhatsApp-Image-2020-10-02-at-08.55.45.jpeg 768w, https:\/\/tvc16.com\/portal\/wp-content\/uploads\/2020\/10\/WhatsApp-Image-2020-10-02-at-08.55.45-225x300.jpeg 225w\" sizes=\"auto, (max-width: 768px) 100vw, 768px\" \/><\/figure>\n\n\n\n<p>Quarenta minutos depois outro jovem, desta vez de 19 anos, tamb\u00e9m foi preso na no local por tr\u00e1fico. Com ele os PMs encontraram 32 c\u00e1psulas de coca\u00edna (72g) e um telefone celular. O rapaz ainda tentou resistir a pris\u00e3o e acabou machucando um dos p\u00e9s. Ele foi levado para o hospital e depois encaminhado para a 105\u00aa DP, onde foi autuado por tr\u00e1fico de drogas e permaneceu preso.<\/p>\n","protected":false},"excerpt":{"rendered":"<p>Um rapaz, de 18 anos, foi flagrado pela Pol\u00edcia Militar vendendo drogas, na quinta-feira (01),<\/p>\n","protected":false},"author":2,"featured_media":1780,"comment_status":"open","ping_status":"open","sticky":false,"template":"","format":"standard","meta":{"footnotes":""},"categories":[12],"tags":[],"class_list":["post-1779","post","type-post","status-publish","format-standard","has-post-thumbnail","hentry","category-cidade"],"_links":{"self":[{"href":"https:\/\/tvc16.com\/portal\/wp-json\/wp\/v2\/posts\/1779","targetHints":{"allow":["GET"]}}],"collection":[{"href":"https:\/\/tvc16.com\/portal\/wp-json\/wp\/v2\/posts"}],"about":[{"href":"https:\/\/tvc16.com\/portal\/wp-json\/wp\/v2\/types\/post"}],"author":[{"embeddable":true,"href":"https:\/\/tvc16.com\/portal\/wp-json\/wp\/v2\/users\/2"}],"replies":[{"embeddable":true,"href":"https:\/\/tvc16.com\/portal\/wp-json\/wp\/v2\/comments?post=1779"}],"version-history":[{"count":2,"href":"https:\/\/tvc16.com\/portal\/wp-json\/wp\/v2\/posts\/1779\/revisions"}],"predecessor-version":[{"id":1783,"href":"https:\/\/tvc16.com\/portal\/wp-json\/wp\/v2\/posts\/1779\/revisions\/1783"}],"wp:featuredmedia":[{"embeddable":true,"href":"https:\/\/tvc16.com\/portal\/wp-json\/wp\/v2\/media\/1780"}],"wp:attachment":[{"href":"https:\/\/tvc16.com\/portal\/wp-json\/wp\/v2\/media?parent=1779"}],"wp:term":[{"taxonomy":"category","embeddable":true,"href":"https:\/\/tvc16.com\/portal\/wp-json\/wp\/v2\/categories?post=1779"},{"taxonomy":"post_tag","embeddable":true,"href":"https:\/\/tvc16.com\/portal\/wp-json\/wp\/v2\/tags?post=1779"}],"curies":[{"name":"wp","href":"https:\/\/api.w.org\/{rel}","templated":true}]}}