{"id":1787,"date":"2020-10-02T14:32:31","date_gmt":"2020-10-02T14:32:31","guid":{"rendered":"https:\/\/tvc16.com\/portal\/?p=1787"},"modified":"2020-10-02T14:42:46","modified_gmt":"2020-10-02T14:42:46","slug":"eua-presidente-e-primeira-dama-tem-teste-positivo-para-covid-19","status":"publish","type":"post","link":"https:\/\/tvc16.com\/portal\/2020\/10\/02\/eua-presidente-e-primeira-dama-tem-teste-positivo-para-covid-19\/","title":{"rendered":"EUA: presidente e primeira-dama t\u00eam teste positivo para covid-19"},"content":{"rendered":"\n<p>Informa\u00e7\u00e3o foi dada no Twitter nesta sexta-feira<\/p>\n\n\n\n<p>O presidente dos Estados Unidos (EUA), Donald Trump, que minimizou a amea\u00e7a da pandemia do novo&nbsp;coronav\u00edrus por meses, anunciou nesta sexta-feira (2) que ele e a primeira-dama Melania Trump, tiveram teste positivo para covid-19 e entrar\u00e3o em quarentena.<img decoding=\"async\" src=\"https:\/\/agenciabrasil.ebc.com.br\/ebc.png?id=1389560&amp;o=node\"><img decoding=\"async\" src=\"https:\/\/agenciabrasil.ebc.com.br\/ebc.gif?id=1389560&amp;o=node\"><\/p>\n\n\n\n<p>&#8220;Vamos come\u00e7ar nossa quarentena e processo de recupera\u00e7\u00e3o imediatamente. Vamos passar por isso JUNTOS!&#8221;, escreveu o presidente em um tu\u00edte nas primeiras horas da manh\u00e3.<\/p>\n\n\n\n<p>Trump, de 74 anos, faz parte do grupo de risco para a covid-19 tanto por causa de sua idade quanto porque \u00e9 considerado como algu\u00e9m que tem sobrepeso. Ele manteve boa sa\u00fade durante o mandato, mas n\u00e3o \u00e9 conhecido por exercitar-se regularmente, nem por manter dieta saud\u00e1vel.<\/p>\n\n\n\n<p>Trump minimizou a gravidade da pandemia no in\u00edcio e, por v\u00e1rias vezes, previu que ela iria embora. Ele raramente usa m\u00e1scara em p\u00fablico e critica as pessoas &#8211; incluindo o candidato democrata na elei\u00e7\u00e3o presidencial de 3 de novembro, Joe Biden &#8211; que usam.<\/p>\n\n\n\n<p>Mais de 200 mil pessoas morreram por causa da covid-19 nos EUA, com os idosos e portadores de condi\u00e7\u00f5es pr\u00e9-existentes sendo atingidos mais duramente.<\/p>\n\n\n\n<p>Republicano, Trump pediu que os estados reabrissem as economia abaladas pela pandemia,mesmo com a alta no n\u00famero de casos, e atacou governadores democratas que adotaram medidas para controlar a dissemina\u00e7\u00e3o do v\u00edrus.<\/p>\n\n\n\n<p>O resultado positivo de Trump significa que outras pessoas nos altos escal\u00f5es do governo norte-americano podem ter sido expostas ao v\u00edrus e tamb\u00e9m ter\u00e3o de entrar em quarentena.<\/p>\n\n\n\n<p>Uma autoridade da Casa Branca disse que o rastreamento de contatos do presidente estava em andamento.<\/p>\n\n\n\n<p>O m\u00e9dico de Trump, Sean Conley, disse esperar que o presidente cumpra seus deveres &#8220;sem interrup\u00e7\u00f5es&#8221; enquanto se recupera.<\/p>\n\n\n\n<p>&#8220;O presidente e a primeira-dama est\u00e3o bem neste momento e planejam permanecer em casa, dentro da Casa Branca, durante sua convalescen\u00e7a&#8221;, escreveu Conley em comunicado distribu\u00eddo \u00e0 imprensa.<\/p>\n\n\n\n<p>Por Jeff Mason &#8211; Rep\u00f3rter da Reuters &#8211; Washington<\/p>\n","protected":false},"excerpt":{"rendered":"<p>Informa\u00e7\u00e3o foi dada no Twitter nesta sexta-feira O presidente dos Estados Unidos (EUA), Donald Trump,<\/p>\n","protected":false},"author":2,"featured_media":1788,"comment_status":"open","ping_status":"open","sticky":false,"template":"","format":"standard","meta":{"footnotes":""},"categories":[22],"tags":[],"class_list":["post-1787","post","type-post","status-publish","format-standard","has-post-thumbnail","hentry","category-internacional"],"_links":{"self":[{"href":"https:\/\/tvc16.com\/portal\/wp-json\/wp\/v2\/posts\/1787","targetHints":{"allow":["GET"]}}],"collection":[{"href":"https:\/\/tvc16.com\/portal\/wp-json\/wp\/v2\/posts"}],"about":[{"href":"https:\/\/tvc16.com\/portal\/wp-json\/wp\/v2\/types\/post"}],"author":[{"embeddable":true,"href":"https:\/\/tvc16.com\/portal\/wp-json\/wp\/v2\/users\/2"}],"replies":[{"embeddable":true,"href":"https:\/\/tvc16.com\/portal\/wp-json\/wp\/v2\/comments?post=1787"}],"version-history":[{"count":1,"href":"https:\/\/tvc16.com\/portal\/wp-json\/wp\/v2\/posts\/1787\/revisions"}],"predecessor-version":[{"id":1789,"href":"https:\/\/tvc16.com\/portal\/wp-json\/wp\/v2\/posts\/1787\/revisions\/1789"}],"wp:featuredmedia":[{"embeddable":true,"href":"https:\/\/tvc16.com\/portal\/wp-json\/wp\/v2\/media\/1788"}],"wp:attachment":[{"href":"https:\/\/tvc16.com\/portal\/wp-json\/wp\/v2\/media?parent=1787"}],"wp:term":[{"taxonomy":"category","embeddable":true,"href":"https:\/\/tvc16.com\/portal\/wp-json\/wp\/v2\/categories?post=1787"},{"taxonomy":"post_tag","embeddable":true,"href":"https:\/\/tvc16.com\/portal\/wp-json\/wp\/v2\/tags?post=1787"}],"curies":[{"name":"wp","href":"https:\/\/api.w.org\/{rel}","templated":true}]}}