{"id":1796,"date":"2020-10-02T14:47:28","date_gmt":"2020-10-02T14:47:28","guid":{"rendered":"https:\/\/tvc16.com\/portal\/?p=1796"},"modified":"2020-10-02T14:47:28","modified_gmt":"2020-10-02T14:47:28","slug":"entra-em-vigor-lei-que-cria-cadastro-nacional-de-condenados-por-estupro","status":"publish","type":"post","link":"https:\/\/tvc16.com\/portal\/2020\/10\/02\/entra-em-vigor-lei-que-cria-cadastro-nacional-de-condenados-por-estupro\/","title":{"rendered":"Entra em vigor lei que cria cadastro nacional de condenados por estupro"},"content":{"rendered":"\n<p>Entrou em vigor nesta sexta-feira (2) a lei que cria o Cadastro Nacional de Pessoas Condenadas por Crime de Estupro, que ser\u00e1 operado pelo governo federal. Publicada no <em>Di\u00e1rio Oficial da Uni\u00e3o<\/em>, a <a href=\"https:\/\/www2.camara.gov.br\/legin\/fed\/lei\/2020\/lei-14069-1-outubro-2020-790698-norma-pl.html\">Lei 14.069, de 2020<\/a>,&nbsp;teve origem em projeto (PL 5.013\/2019) do deputado Hildo Rocha (MDB-MA) e foi <a href=\"https:\/\/www12.senado.leg.br\/noticias\/materias\/2020\/10\/09\/09\/aprovada-criacao-do-cadastro-nacional-de-condenados-por-estupro\">aprovada<\/a> no Senado no in\u00edcio de setembro.<\/p>\n\n\n\n<p>O cadastro dever\u00e1 conter as caracter\u00edsticas f\u00edsicas e as impress\u00f5es digitais dos estupradores, al\u00e9m de informa\u00e7\u00e3o do DNA e fotos. Para o preso em liberdade condicional, tamb\u00e9m dever\u00e1 constar informa\u00e7\u00e3o do local de moradia e de trabalho nos \u00faltimos tr\u00eas anos.<\/p>\n\n\n\n<p>O banco de dados ser\u00e1 custeado pelo Fundo Nacional de Seguran\u00e7a P\u00fablica (FNSP), que \u00e9 administrado pelo Minist\u00e9rio da Justi\u00e7a. A Uni\u00e3o e demais entes federados definir\u00e3o como ser\u00e1 o acesso \u00e0s informa\u00e7\u00f5es e as responsabilidades de atualiza\u00e7\u00e3o e valida\u00e7\u00e3o dos dados inseridos.<\/p>\n\n\n\n<p>No Senado, o relator, senador Eduardo Braga (MDB-AM), disse que o cadastro nacional de condenados por estupro \u00e9&nbsp;um avan\u00e7o importante para frear &#8220;uma estat\u00edstica assustadora no Brasil&#8221;: em 2018, foram registrados 66.041 estupros no pa\u00eds \u2014 uma m\u00e9dia de 180 por dia.<\/p>\n\n\n\n<p>Ainda segundo Braga, os n\u00fameros do \u00faltimo Anu\u00e1rio Brasileiro de Seguran\u00e7a P\u00fablica revelam outro dado estarrecedor: mais da metade das v\u00edtimas (53,8%) t\u00eam menos de 13 anos. &#8220;S\u00e3o quatro meninas e meninos estuprados a cada hora no Brasil&#8221;, destacou Eduardo Braga no seu parecer.<\/p>\n\n\n\n<p>Mais grave ainda, para o senador, \u00e9 que esses n\u00fameros &#8220;s\u00e3o apenas a face vis\u00edvel dessa covardia&#8221;. De acordo com o F\u00f3rum de Seguran\u00e7a P\u00fablica, menos de 10% dos casos de viol\u00eancia sexual s\u00e3o notificados \u00e0 pol\u00edcia.<\/p>\n\n\n\n<p>\u2014 As v\u00edtimas sofrem caladas por conta da vergonha, da falta de confian\u00e7a nas institui\u00e7\u00f5es de Justi\u00e7a e do medo de retalia\u00e7\u00e3o por parte do agressor, geralmente algum conhecido ou algu\u00e9m da pr\u00f3pria fam\u00edlia \u2014 ressaltou o senador.<\/p>\n\n\n\n<p><em>Com informa\u00e7\u00f5es da Ag\u00eancia C\u00e2mara Not\u00edcias<\/em><\/p>\n\n\n\n<p>Fonte: Ag\u00eancia Senado<\/p>\n","protected":false},"excerpt":{"rendered":"<p>Entrou em vigor nesta sexta-feira (2) a lei que cria o Cadastro Nacional de Pessoas<\/p>\n","protected":false},"author":2,"featured_media":1797,"comment_status":"open","ping_status":"open","sticky":false,"template":"","format":"standard","meta":{"footnotes":""},"categories":[17],"tags":[],"class_list":["post-1796","post","type-post","status-publish","format-standard","has-post-thumbnail","hentry","category-outras-noticias"],"_links":{"self":[{"href":"https:\/\/tvc16.com\/portal\/wp-json\/wp\/v2\/posts\/1796","targetHints":{"allow":["GET"]}}],"collection":[{"href":"https:\/\/tvc16.com\/portal\/wp-json\/wp\/v2\/posts"}],"about":[{"href":"https:\/\/tvc16.com\/portal\/wp-json\/wp\/v2\/types\/post"}],"author":[{"embeddable":true,"href":"https:\/\/tvc16.com\/portal\/wp-json\/wp\/v2\/users\/2"}],"replies":[{"embeddable":true,"href":"https:\/\/tvc16.com\/portal\/wp-json\/wp\/v2\/comments?post=1796"}],"version-history":[{"count":1,"href":"https:\/\/tvc16.com\/portal\/wp-json\/wp\/v2\/posts\/1796\/revisions"}],"predecessor-version":[{"id":1798,"href":"https:\/\/tvc16.com\/portal\/wp-json\/wp\/v2\/posts\/1796\/revisions\/1798"}],"wp:featuredmedia":[{"embeddable":true,"href":"https:\/\/tvc16.com\/portal\/wp-json\/wp\/v2\/media\/1797"}],"wp:attachment":[{"href":"https:\/\/tvc16.com\/portal\/wp-json\/wp\/v2\/media?parent=1796"}],"wp:term":[{"taxonomy":"category","embeddable":true,"href":"https:\/\/tvc16.com\/portal\/wp-json\/wp\/v2\/categories?post=1796"},{"taxonomy":"post_tag","embeddable":true,"href":"https:\/\/tvc16.com\/portal\/wp-json\/wp\/v2\/tags?post=1796"}],"curies":[{"name":"wp","href":"https:\/\/api.w.org\/{rel}","templated":true}]}}