{"id":1799,"date":"2020-10-02T14:48:47","date_gmt":"2020-10-02T14:48:47","guid":{"rendered":"https:\/\/tvc16.com\/portal\/?p=1799"},"modified":"2020-10-02T14:48:47","modified_gmt":"2020-10-02T14:48:47","slug":"rio-deve-ter-o-dia-mais-quente-do-ano-nesta-sexta-feira","status":"publish","type":"post","link":"https:\/\/tvc16.com\/portal\/2020\/10\/02\/rio-deve-ter-o-dia-mais-quente-do-ano-nesta-sexta-feira\/","title":{"rendered":"Rio deve ter o dia mais quente do ano nesta sexta-feira"},"content":{"rendered":"\n<p>Termperatura pode chegar a 42\u00b0C na regi\u00e3o metropolitana<\/p>\n\n\n\n<p>Com previs\u00e3o de temperatura pr\u00f3xima a 42 graus Ceulsius (\u00b0C), a regi\u00e3o metropolitana do Rio de Janeiro deve ter o dia mais quente do ano nesta sexta-feira (2), segundo o Instituto Nacional de Meteorologia (Inmet). A temperatura mais alta ontem (1) registrada no estado do Rio foi em Marambaia com 39,9\u00b0C.<img decoding=\"async\" src=\"https:\/\/agenciabrasil.ebc.com.br\/ebc.png?id=1389580&amp;o=node\"><img decoding=\"async\" src=\"https:\/\/agenciabrasil.ebc.com.br\/ebc.gif?id=1389580&amp;o=node\"><\/p>\n\n\n\n<p>De acordo com a meteorologista Marlene Leal, do Inmet, o tempo no Rio muda a partir da noite de s\u00e1bado (3), com previs\u00e3o de chuva e rajadas de vento, e queda de temperatura no domingo (4) e na segunda-feira (5).<\/p>\n\n\n\n<p>Segundo o Inmet, a temperatura m\u00e1xima na capital fluminense no domingo ser\u00e1 de 22 \u00b0C e, na segunda-feira, de 29\u00b0C. O calor forte volta na ter\u00e7a-feira (6) com previs\u00e3o de temperatura m\u00e1xima de 41\u00b0C.<\/p>\n\n\n\n<p>Edi\u00e7\u00e3o: Maria Claudia<\/p>\n\n\n\n<p>Por Ana Cristina Campos \u2013 Rep\u00f3rter da Ag\u00eancia Brasil &#8211; Rio de Janeiro<\/p>\n","protected":false},"excerpt":{"rendered":"<p>Termperatura pode chegar a 42\u00b0C na regi\u00e3o metropolitana Com previs\u00e3o de temperatura pr\u00f3xima a 42<\/p>\n","protected":false},"author":2,"featured_media":1800,"comment_status":"open","ping_status":"open","sticky":false,"template":"","format":"standard","meta":{"footnotes":""},"categories":[17],"tags":[],"class_list":["post-1799","post","type-post","status-publish","format-standard","has-post-thumbnail","hentry","category-outras-noticias"],"_links":{"self":[{"href":"https:\/\/tvc16.com\/portal\/wp-json\/wp\/v2\/posts\/1799","targetHints":{"allow":["GET"]}}],"collection":[{"href":"https:\/\/tvc16.com\/portal\/wp-json\/wp\/v2\/posts"}],"about":[{"href":"https:\/\/tvc16.com\/portal\/wp-json\/wp\/v2\/types\/post"}],"author":[{"embeddable":true,"href":"https:\/\/tvc16.com\/portal\/wp-json\/wp\/v2\/users\/2"}],"replies":[{"embeddable":true,"href":"https:\/\/tvc16.com\/portal\/wp-json\/wp\/v2\/comments?post=1799"}],"version-history":[{"count":1,"href":"https:\/\/tvc16.com\/portal\/wp-json\/wp\/v2\/posts\/1799\/revisions"}],"predecessor-version":[{"id":1801,"href":"https:\/\/tvc16.com\/portal\/wp-json\/wp\/v2\/posts\/1799\/revisions\/1801"}],"wp:featuredmedia":[{"embeddable":true,"href":"https:\/\/tvc16.com\/portal\/wp-json\/wp\/v2\/media\/1800"}],"wp:attachment":[{"href":"https:\/\/tvc16.com\/portal\/wp-json\/wp\/v2\/media?parent=1799"}],"wp:term":[{"taxonomy":"category","embeddable":true,"href":"https:\/\/tvc16.com\/portal\/wp-json\/wp\/v2\/categories?post=1799"},{"taxonomy":"post_tag","embeddable":true,"href":"https:\/\/tvc16.com\/portal\/wp-json\/wp\/v2\/tags?post=1799"}],"curies":[{"name":"wp","href":"https:\/\/api.w.org\/{rel}","templated":true}]}}