{"id":180,"date":"2020-07-17T10:00:12","date_gmt":"2020-07-17T10:00:12","guid":{"rendered":"https:\/\/tvc16.com\/portal\/?p=180"},"modified":"2020-07-17T11:20:41","modified_gmt":"2020-07-17T11:20:41","slug":"bolsonaro-diz-que-falou-com-gilmar-sobre-criticas-e-que-assunto-esta-encerrado","status":"publish","type":"post","link":"https:\/\/tvc16.com\/portal\/2020\/07\/17\/bolsonaro-diz-que-falou-com-gilmar-sobre-criticas-e-que-assunto-esta-encerrado\/","title":{"rendered":"Bolsonaro diz que falou com Gilmar sobre cr\u00edticas e que assunto est\u00e1 &#8216;encerrado&#8217;"},"content":{"rendered":"\n<p>O presidente Jair Bolsonaro (sem partido) disse nesta quinta-feira (16) ter conversado com o ministro Gilmar Mendes, do STF (Supremo Tribunal Federal), sobre as cr\u00edticas feitas pelo magistrado \u00e0 atua\u00e7\u00e3o do Minist\u00e9rio da Sa\u00fade durante a pandemia de Covid-19 e \u00e0 declara\u00e7\u00e3o&nbsp;<a href=\"https:\/\/www.cnnbrasil.com.br\/politica\/2020\/07\/12\/exercito-esta-se-associando-a-genocidio-diz-gilmar-mendes\" target=\"_blank\" rel=\"noreferrer noopener\">de que o Ex\u00e9rcito estaria se associando a um &#8220;genoc\u00eddio&#8221;<\/a>. Segundo Bolsonaro, de sua parte, o assunto est\u00e1 encerrado.<\/p>\n\n\n\n<p>&#8220;Qualquer cr\u00edtica construtiva \u00e9 bem-vinda. Essa quest\u00e3o do ministro Gilmar Mendes, teve uma nota do ministro da Defesa no tocante a isso, e da minha parte eu dou por encerrado isso a\u00ed. Eu deixo l\u00e1 com o ministro Fernando Azevedo e o ministro Gilmar Mendes&#8221;, disse o presidente durante sua live semanal nas redes sociais.<\/p>\n\n\n\n<p>Bolsonaro afirmou que conversou com Gilmar Mendes por telefone depois das cr\u00edticas do ministro do STF, mas n\u00e3o relatou o que foi tratado na conversa.<\/p>\n\n\n\n<p>&#8220;Eu conversei com Gilmar Mendes por telefone sobre o epis\u00f3dio, desculpe aqui n\u00e3o revelar o teor da conversa, mas conversei com ele. Ato cont\u00ednuo, houve um contato entre o ministro Gilmar Mendes e o ministro Pazuello, conversaram tamb\u00e9m. E o que nos queremos \u00e9 solu\u00e7\u00e3o&#8221;, declarou o presidente.&nbsp;<\/p>\n\n\n\n<p>Na mesma live,&nbsp;<a href=\"https:\/\/www.cnnbrasil.com.br\/politica\/2020\/07\/16\/bolsonaro-diz-que-vai-manter-salles-e-pazuello-no-governo\" target=\"_blank\" rel=\"noreferrer noopener\">Bolsonaro defendeu a perman\u00eancia de Pazuello no governo<\/a>. O ministro interino, no entanto,&nbsp;<a href=\"https:\/\/www.cnnbrasil.com.br\/politica\/2020\/07\/16\/pazuello-apresenta-a-bolsonaro-tres-janelas-para-deixar-saude\" target=\"_blank\" rel=\"noreferrer noopener\">j\u00e1 apresentou ao presidente tr\u00eas cen\u00e1rios para sua sa\u00edda do Minist\u00e9rio da Sa\u00fade<\/a>, revelaram hoje (16) o \u00e2ncora Kenz\u00f4 Machida e a analista Thais Arbex.<\/p>\n\n\n\n<p>Ontem (15),&nbsp;<a href=\"https:\/\/www.cnnbrasil.com.br\/politica\/2020\/07\/15\/em-gesto-de-tregua-pazuello-telefona-para-gilmar-mendes\" target=\"_blank\" rel=\"noreferrer noopener\">Pazuello telefonou para Mendes<\/a>, segundo apura\u00e7\u00e3o dos analistas da&nbsp;<strong>CNN<\/strong>&nbsp;Renata Agostini e Igor Gadelha. Segundo interlocutores de Pazuello, na conversa, o general elencou algumas a\u00e7\u00f5es da pasta no combate ao coronav\u00edrus e se colocou \u00e0 disposi\u00e7\u00e3o para passar mais detalhes, caso o ministro do STF tivesse interesse. A pessoas pr\u00f3ximas, Mendes disse ter sido uma conversa &#8220;cordial&#8221;. A opera\u00e7\u00e3o de aproxima\u00e7\u00e3o contou com orienta\u00e7\u00e3o de integrantes do Pal\u00e1cio do Planalto, interessados em baixar a temperatura.&nbsp;<\/p>\n\n\n\n<p>O ministro do STF fez as cr\u00edticas no s\u00e1bado (11). O Minist\u00e9rio da Sa\u00fade est\u00e1 sem titular h\u00e1 quase dois meses, desde a sa\u00edda de Nelson Teich. Desde ent\u00e3o, est\u00e1 sendo comandado interinamente por Eduardo Pazuello, um general da ativa do Ex\u00e9rcito.<\/p>\n\n\n\n<p>&#8220;Isto \u00e9 ruim, \u00e9 p\u00e9ssimo para a imagem das For\u00e7as Armadas. \u00c9 preciso dizer isso de maneira muito clara: o Ex\u00e9rcito est\u00e1 se associando a esse genoc\u00eddio. N\u00e3o \u00e9 razo\u00e1vel para o Brasil. \u00c9 preciso por fim a isso&#8221;, afirmou Mendes.<\/p>\n\n\n\n<p><\/p>\n","protected":false},"excerpt":{"rendered":"<p>O presidente Jair Bolsonaro (sem partido) disse nesta quinta-feira (16) ter conversado com o ministro<\/p>\n","protected":false},"author":1,"featured_media":181,"comment_status":"closed","ping_status":"closed","sticky":false,"template":"","format":"standard","meta":{"footnotes":""},"categories":[15],"tags":[],"class_list":["post-180","post","type-post","status-publish","format-standard","has-post-thumbnail","hentry","category-politica"],"_links":{"self":[{"href":"https:\/\/tvc16.com\/portal\/wp-json\/wp\/v2\/posts\/180","targetHints":{"allow":["GET"]}}],"collection":[{"href":"https:\/\/tvc16.com\/portal\/wp-json\/wp\/v2\/posts"}],"about":[{"href":"https:\/\/tvc16.com\/portal\/wp-json\/wp\/v2\/types\/post"}],"author":[{"embeddable":true,"href":"https:\/\/tvc16.com\/portal\/wp-json\/wp\/v2\/users\/1"}],"replies":[{"embeddable":true,"href":"https:\/\/tvc16.com\/portal\/wp-json\/wp\/v2\/comments?post=180"}],"version-history":[{"count":1,"href":"https:\/\/tvc16.com\/portal\/wp-json\/wp\/v2\/posts\/180\/revisions"}],"predecessor-version":[{"id":182,"href":"https:\/\/tvc16.com\/portal\/wp-json\/wp\/v2\/posts\/180\/revisions\/182"}],"wp:featuredmedia":[{"embeddable":true,"href":"https:\/\/tvc16.com\/portal\/wp-json\/wp\/v2\/media\/181"}],"wp:attachment":[{"href":"https:\/\/tvc16.com\/portal\/wp-json\/wp\/v2\/media?parent=180"}],"wp:term":[{"taxonomy":"category","embeddable":true,"href":"https:\/\/tvc16.com\/portal\/wp-json\/wp\/v2\/categories?post=180"},{"taxonomy":"post_tag","embeddable":true,"href":"https:\/\/tvc16.com\/portal\/wp-json\/wp\/v2\/tags?post=180"}],"curies":[{"name":"wp","href":"https:\/\/api.w.org\/{rel}","templated":true}]}}