{"id":1802,"date":"2020-10-02T14:49:55","date_gmt":"2020-10-02T14:49:55","guid":{"rendered":"https:\/\/tvc16.com\/portal\/?p=1802"},"modified":"2020-10-02T14:49:55","modified_gmt":"2020-10-02T14:49:55","slug":"ibge-producao-industrial-avanca-32-em-agosto","status":"publish","type":"post","link":"https:\/\/tvc16.com\/portal\/2020\/10\/02\/ibge-producao-industrial-avanca-32-em-agosto\/","title":{"rendered":"IBGE: produ\u00e7\u00e3o industrial avan\u00e7a 3,2% em agosto"},"content":{"rendered":"\n<p>Setor registra crescimento pelo quarto m\u00eas consecutivo<\/p>\n\n\n\n<p>A produ\u00e7\u00e3o da ind\u00fastria nacional cresceu pelo quarto m\u00eas seguido e registrou alta de 3,2% em agosto, na compara\u00e7\u00e3o com julho. Mesmo assim, o indicador ainda n\u00e3o eliminou totalmente a perda de 27% acumulada entre mar\u00e7o e abril, no in\u00edcio da pandemia de covid-19, quando a produ\u00e7\u00e3o industrial caiu ao patamar mais baixo da s\u00e9rie. No acumulado no ano, a produ\u00e7\u00e3o recuou 8,6%.<img decoding=\"async\" src=\"https:\/\/agenciabrasil.ebc.com.br\/ebc.png?id=1389566&amp;o=node\"><img decoding=\"async\" src=\"https:\/\/agenciabrasil.ebc.com.br\/ebc.gif?id=1389566&amp;o=node\"><\/p>\n\n\n\n<p>Os dados s\u00e3o da Pesquisa Industrial Mensal (PIM), divulgada hoje (2) pelo Instituto Brasileiro de Geografia e Estat\u00edstica (IBGE), que tamb\u00e9m mostra que, em rela\u00e7\u00e3o a agosto de 2019, a ind\u00fastria caiu 2,7%. Esse \u00e9 o d\u00e9cimo resultado negativo seguido nessa compara\u00e7\u00e3o. Nos \u00faltimos 12 meses, a queda \u00e9 de 5,7%.<\/p>\n\n\n\n<p>Para o gerente da pesquisa, Andr\u00e9 Macedo, o resultado de agosto mostra que a ind\u00fastria nacional est\u00e1 em recupera\u00e7\u00e3o ap\u00f3s o agravamento das medidas para conter a pandemia. \u201cH\u00e1 uma manuten\u00e7\u00e3o de certo comportamento positivo do setor industrial nos \u00faltimos meses. \u00c9 um avan\u00e7o bem consistente e disseminado entre as categorias, mas ainda h\u00e1 uma parte a ser recuperada\u201d, disse, em nota.<\/p>\n\n\n\n<p>O pesquisador explicou que o impacto da necessidade do isolamento social foi de grande dimens\u00e3o, afetando a produ\u00e7\u00e3o em v\u00e1rias unidades no pa\u00eds, que fecharam ou foram suspensas neste per\u00edodo. Segundo a pesquisa, o setor industrial est\u00e1 2,6% abaixo do patamar de fevereiro, per\u00edodo pr\u00e9-pandemia.<\/p>\n\n\n\n<h2 class=\"wp-block-heading\">Recupera\u00e7\u00e3o<\/h2>\n\n\n\n<p>A pesquisa indicou que todas as grandes categorias apresentaram avan\u00e7o em agosto frente a julho. Bens de consumo dur\u00e1veis tiveram o maior crescimento, com 18,5%. Bens de capital (2,4%), bens intermedi\u00e1rios (2,3%) e bens de consumo semi e n\u00e3o dur\u00e1veis (0,6%) tamb\u00e9m cresceram em agosto, mas abaixo da m\u00e9dia da ind\u00fastria.<\/p>\n\n\n\n<p>Entre os ramos pesquisados, 16 dos 26 apresentaram aumento. A atividade de destaque foi ve\u00edculos automotores, reboques e carrocerias, que cresceu 19,2%. &#8220;A produ\u00e7\u00e3o dos autom\u00f3veis impacta n\u00e3o s\u00f3 dentro da categoria de bens de consumo dur\u00e1veis, mas no setor industrial como um todo, porque influi na confec\u00e7\u00e3o de autope\u00e7as, caminh\u00f5es e carros em geral\u201d, afirmou Macedo.<\/p>\n\n\n\n<p>Tamb\u00e9m tiveram influ\u00eancia no resultado da ind\u00fastria, na passagem de julho para agosto, os setores de coque, produtos derivados do petr\u00f3leo e biocombust\u00edveis, com avan\u00e7o de 3,9% e de ind\u00fastrias extrativas, que cresceu 2,6%.<\/p>\n\n\n\n<p>Segundo a pesquisa, outras atividades que ajudaram no desempenho geral foram produtos de borracha e de material pl\u00e1stico (5,8%), couro, artigos para viagem e cal\u00e7ados (14,9%), produtos de minerais n\u00e3o-met\u00e1licos (4,9%), produtos aliment\u00edcios (1,0%), confec\u00e7\u00e3o de artigos do vestu\u00e1rio e acess\u00f3rios (11,5%), metalurgia (3,2%), produtos t\u00eaxteis (9,1%) e produtos de metal (3,1%), que repetiram o desempenho positivo de julho.<\/p>\n\n\n\n<p>Por outro lado, segundo o IBGE, entre os dez ramos que tiveram redu\u00e7\u00e3o na produ\u00e7\u00e3o, produtos farmoqu\u00edmicos e farmac\u00eauticos (-9,7%), perfumaria, sab\u00f5es, produtos de limpeza e de higiene pessoal (-9,7%) e bebidas (-2,5%) foram os que mais contribu\u00edram para os impactos negativos.<\/p>\n\n\n\n<p>Edi\u00e7\u00e3o: Maria Claudia<\/p>\n\n\n\n<p>Por Ana Cristina Campos \u2013 Rep\u00f3rter da Ag\u00eancia Brasil &#8211; Rio de Janeiro<\/p>\n","protected":false},"excerpt":{"rendered":"<p>Setor registra crescimento pelo quarto m\u00eas consecutivo A produ\u00e7\u00e3o da ind\u00fastria nacional cresceu pelo quarto<\/p>\n","protected":false},"author":2,"featured_media":1803,"comment_status":"open","ping_status":"open","sticky":false,"template":"","format":"standard","meta":{"footnotes":""},"categories":[14],"tags":[],"class_list":["post-1802","post","type-post","status-publish","format-standard","has-post-thumbnail","hentry","category-pais"],"_links":{"self":[{"href":"https:\/\/tvc16.com\/portal\/wp-json\/wp\/v2\/posts\/1802","targetHints":{"allow":["GET"]}}],"collection":[{"href":"https:\/\/tvc16.com\/portal\/wp-json\/wp\/v2\/posts"}],"about":[{"href":"https:\/\/tvc16.com\/portal\/wp-json\/wp\/v2\/types\/post"}],"author":[{"embeddable":true,"href":"https:\/\/tvc16.com\/portal\/wp-json\/wp\/v2\/users\/2"}],"replies":[{"embeddable":true,"href":"https:\/\/tvc16.com\/portal\/wp-json\/wp\/v2\/comments?post=1802"}],"version-history":[{"count":1,"href":"https:\/\/tvc16.com\/portal\/wp-json\/wp\/v2\/posts\/1802\/revisions"}],"predecessor-version":[{"id":1804,"href":"https:\/\/tvc16.com\/portal\/wp-json\/wp\/v2\/posts\/1802\/revisions\/1804"}],"wp:featuredmedia":[{"embeddable":true,"href":"https:\/\/tvc16.com\/portal\/wp-json\/wp\/v2\/media\/1803"}],"wp:attachment":[{"href":"https:\/\/tvc16.com\/portal\/wp-json\/wp\/v2\/media?parent=1802"}],"wp:term":[{"taxonomy":"category","embeddable":true,"href":"https:\/\/tvc16.com\/portal\/wp-json\/wp\/v2\/categories?post=1802"},{"taxonomy":"post_tag","embeddable":true,"href":"https:\/\/tvc16.com\/portal\/wp-json\/wp\/v2\/tags?post=1802"}],"curies":[{"name":"wp","href":"https:\/\/api.w.org\/{rel}","templated":true}]}}