{"id":1808,"date":"2020-10-02T15:12:26","date_gmt":"2020-10-02T15:12:26","guid":{"rendered":"https:\/\/tvc16.com\/portal\/?p=1808"},"modified":"2020-10-02T15:12:26","modified_gmt":"2020-10-02T15:12:26","slug":"davi-prorroga-mp-que-permite-venda-de-partes-da-caixa-ate-dezembro-de-2021","status":"publish","type":"post","link":"https:\/\/tvc16.com\/portal\/2020\/10\/02\/davi-prorroga-mp-que-permite-venda-de-partes-da-caixa-ate-dezembro-de-2021\/","title":{"rendered":"Davi prorroga MP que permite venda de partes da Caixa at\u00e9 dezembro de 2021"},"content":{"rendered":"\n<p>O presidente da Mesa do Congresso Nacional, senador Davi Alcolumbre, prorrogou por 60 dias a Medida Provis\u00f3ria (MP)<a href=\"http:\/\/www.congressonacional.leg.br\/materias\/medidas-provisorias\/-\/mpv\/143917\">&nbsp;995\/2020<\/a>, que permite \u00e0 Caixa Econ\u00f4mica Federal criar novas subsidi\u00e1rias, com a abertura de capital pr\u00f3prio. O ato foi publicado no <em>Di\u00e1rio Oficial da Uni\u00e3o<\/em>&nbsp;desta sexta-feira (2).<\/p>\n\n\n\n<p>De acordo com a Secretaria-Geral da Presid\u00eancia da Rep\u00fablica, a MP \u00e9 o primeiro passo para a aliena\u00e7\u00e3o de ativos da Caixa, que pretende diminuir a atua\u00e7\u00e3o em setores como o mercado de seguros e outros n\u00e3o estrat\u00e9gicos. Se aprovada pelo Parlamento, a medida levar\u00e1 \u00e0 reestrutura\u00e7\u00e3o da institui\u00e7\u00e3o at\u00e9 dezembro de 2021 e permitir\u00e1 o&nbsp;acesso a fontes adicionais de financiamentos, com a possibilidade de aliena\u00e7\u00e3o de ativos e a realiza\u00e7\u00e3o de Ofertas P\u00fablicas Iniciais (IPOs).<\/p>\n\n\n\n<p>Ainda segundo o governo, a reestrutura\u00e7\u00e3o n\u00e3o afetar\u00e1 a atua\u00e7\u00e3o da Caixa em pol\u00edticas&nbsp;p\u00fablicas estrat\u00e9gicas, como o Bolsa Fam\u00edlia, o Fundo de Garantia do Tempo de Servi\u00e7o (FGTS) e o financiamento imobili\u00e1rio.<\/p>\n\n\n\n<h3 class=\"wp-block-heading\"><strong>Vacina<\/strong><\/h3>\n\n\n\n<p>Davi tamb\u00e9m estendeu por 60 dias a <a href=\"http:\/\/www.congressonacional.leg.br\/materias\/medidas-provisorias\/-\/mpv\/143910\">MP 994\/2020<\/a>, que abre cr\u00e9dito extraordin\u00e1rio de R$ 1,9 bilh\u00e3o para o Minist\u00e9rio da Sa\u00fade.&nbsp;A medida viabiliza recursos para a produ\u00e7\u00e3o de vacina contra a covid-19. O ato tamb\u00e9m foi&nbsp;publicado nesta sexta-feira.<\/p>\n\n\n\n<p>A vacina est\u00e1 sendo&nbsp;desenvolvida pelo laborat\u00f3rio AstraZeneca, em parceria com a Universidade de Oxford, do Reino Unido. Um acordo com a Funda\u00e7\u00e3o Instituto Oswaldo Cruz (Fiocruz) vai permitir a transfer\u00eancia de tecnologia na formula\u00e7\u00e3o, envase e controle de qualidade da subst\u00e2ncia. A meta inicial \u00e9 a garantia 100 milh\u00f5es de doses para o Brasil.&nbsp;<\/p>\n\n\n\n<p>O acordo prev\u00ea o in\u00edcio da produ\u00e7\u00e3o da vacina no Brasil para dezembro deste ano e garante dom\u00ednio tecnol\u00f3gico para que o pa\u00eds tenha condi\u00e7\u00f5es de produzir a vacina de forma independente.<\/p>\n\n\n\n<p>Fonte: Ag\u00eancia Senado<\/p>\n","protected":false},"excerpt":{"rendered":"<p>O presidente da Mesa do Congresso Nacional, senador Davi Alcolumbre, prorrogou por 60 dias a<\/p>\n","protected":false},"author":2,"featured_media":1809,"comment_status":"open","ping_status":"open","sticky":false,"template":"","format":"standard","meta":{"footnotes":""},"categories":[18],"tags":[],"class_list":["post-1808","post","type-post","status-publish","format-standard","has-post-thumbnail","hentry","category-economia"],"_links":{"self":[{"href":"https:\/\/tvc16.com\/portal\/wp-json\/wp\/v2\/posts\/1808","targetHints":{"allow":["GET"]}}],"collection":[{"href":"https:\/\/tvc16.com\/portal\/wp-json\/wp\/v2\/posts"}],"about":[{"href":"https:\/\/tvc16.com\/portal\/wp-json\/wp\/v2\/types\/post"}],"author":[{"embeddable":true,"href":"https:\/\/tvc16.com\/portal\/wp-json\/wp\/v2\/users\/2"}],"replies":[{"embeddable":true,"href":"https:\/\/tvc16.com\/portal\/wp-json\/wp\/v2\/comments?post=1808"}],"version-history":[{"count":1,"href":"https:\/\/tvc16.com\/portal\/wp-json\/wp\/v2\/posts\/1808\/revisions"}],"predecessor-version":[{"id":1810,"href":"https:\/\/tvc16.com\/portal\/wp-json\/wp\/v2\/posts\/1808\/revisions\/1810"}],"wp:featuredmedia":[{"embeddable":true,"href":"https:\/\/tvc16.com\/portal\/wp-json\/wp\/v2\/media\/1809"}],"wp:attachment":[{"href":"https:\/\/tvc16.com\/portal\/wp-json\/wp\/v2\/media?parent=1808"}],"wp:term":[{"taxonomy":"category","embeddable":true,"href":"https:\/\/tvc16.com\/portal\/wp-json\/wp\/v2\/categories?post=1808"},{"taxonomy":"post_tag","embeddable":true,"href":"https:\/\/tvc16.com\/portal\/wp-json\/wp\/v2\/tags?post=1808"}],"curies":[{"name":"wp","href":"https:\/\/api.w.org\/{rel}","templated":true}]}}