{"id":1816,"date":"2020-10-02T15:45:10","date_gmt":"2020-10-02T15:45:10","guid":{"rendered":"https:\/\/tvc16.com\/portal\/?p=1816"},"modified":"2020-10-02T15:45:10","modified_gmt":"2020-10-02T15:45:10","slug":"petropolis-abraca-movimento-em-prol-da-prevencao-ao-cancer-de-mama","status":"publish","type":"post","link":"https:\/\/tvc16.com\/portal\/2020\/10\/02\/petropolis-abraca-movimento-em-prol-da-prevencao-ao-cancer-de-mama\/","title":{"rendered":"Petr\u00f3polis abra\u00e7a movimento em prol da preven\u00e7\u00e3o ao c\u00e2ncer de mama"},"content":{"rendered":"\n<p>Teve in\u00edcio na noite da \u00faltima quinta-feira (1), a campanha do Outubro Rosa, realizada pela Associa\u00e7\u00e3o Petropolitana dos Pacientes Oncol\u00f3gicos em Petr\u00f3polis. O movimento que acontece desde 2008 na cidade, tem como objetivo destacar a import\u00e2ncia do diagn\u00f3stico precoce, a preven\u00e7\u00e3o e o tratamento do c\u00e2ncer de mama.<\/p>\n\n\n\n<p>A sede da prefeitura, o Pal\u00e1cio S\u00e9rgio Fadel e o Pal\u00e1cio Amarelo, onde funciona a c\u00e2mara de vereadores, foram iluminadas de rosa em apoio a corrente solid\u00e1ria. A Casa de Festas Quinta do Bosque, tamb\u00e9m vestiu rosa para dar in\u00edcio as atividades, com uma live promovida em parceria com o Hipershopping Petr\u00f3polis.<\/p>\n\n\n\n<p>\u201cEstamos muito felizes com tudo o que conseguimos realizar esse ano. Tivemos de reinventar tudo por conta da pandemia, mas n\u00e3o podemos deixar de espalhar informa\u00e7\u00e3o sobre o c\u00e2ncer de mama e de como a popula\u00e7\u00e3o pode prevenir e diagnosticar de forma preventiva. O c\u00e2ncer n\u00e3o espera e o tempo \u00e9 primordial neste processo\u201d, diz a presidente da APPO, Ana Cristina Mattos.<\/p>\n\n\n\n<p>Camisas j\u00e1 est\u00e3o sendo vendidas na Casa de Apoio<\/p>\n\n\n\n<p>As camisas em tom de rosa, usadas na caminhada que acontece tradicionalmente todos os anos, j\u00e1 est\u00e3o sendo vendidas na Casa de Apoio da APPO. Esse ano, o movimento que leva mais de cinco mil pessoas as ruas, n\u00e3o ser\u00e1 realizado de forma presencial. A programa\u00e7\u00e3o contempla uma caminhada online, que ser\u00e1 um grande movimento de informa\u00e7\u00e3o e conscientiza\u00e7\u00e3o.<\/p>\n\n\n\n<figure class=\"wp-block-image size-large\"><img loading=\"lazy\" decoding=\"async\" width=\"576\" height=\"1024\" src=\"https:\/\/tvc16.com\/portal\/wp-content\/uploads\/2020\/10\/WhatsApp-Image-2020-10-02-at-12.42.00-576x1024.jpeg\" alt=\"\" class=\"wp-image-1818\" srcset=\"https:\/\/tvc16.com\/portal\/wp-content\/uploads\/2020\/10\/WhatsApp-Image-2020-10-02-at-12.42.00-576x1024.jpeg 576w, https:\/\/tvc16.com\/portal\/wp-content\/uploads\/2020\/10\/WhatsApp-Image-2020-10-02-at-12.42.00-169x300.jpeg 169w, https:\/\/tvc16.com\/portal\/wp-content\/uploads\/2020\/10\/WhatsApp-Image-2020-10-02-at-12.42.00.jpeg 581w\" sizes=\"auto, (max-width: 576px) 100vw, 576px\" \/><\/figure>\n\n\n\n<p>Al\u00e9m das camisas, tamb\u00e9m est\u00e3o dispon\u00edveis as m\u00e1scaras, uma novidade que foi desenvolvida especialmente para este cen\u00e1rio at\u00edpico, provocado pela pandemia do novo coronav\u00edrus. A m\u00e1scara custa R$ 5,00 e as camisas R$ 15,00. Toda a renda \u00e9 revertida para as a\u00e7\u00f5es da Casa de Apoio.<\/p>\n\n\n\n<figure class=\"wp-block-image size-large\"><img loading=\"lazy\" decoding=\"async\" width=\"688\" height=\"1024\" src=\"https:\/\/tvc16.com\/portal\/wp-content\/uploads\/2020\/10\/WhatsApp-Image-2020-10-02-at-12.42.00-1-688x1024.jpeg\" alt=\"\" class=\"wp-image-1819\" srcset=\"https:\/\/tvc16.com\/portal\/wp-content\/uploads\/2020\/10\/WhatsApp-Image-2020-10-02-at-12.42.00-1-688x1024.jpeg 688w, https:\/\/tvc16.com\/portal\/wp-content\/uploads\/2020\/10\/WhatsApp-Image-2020-10-02-at-12.42.00-1-202x300.jpeg 202w, https:\/\/tvc16.com\/portal\/wp-content\/uploads\/2020\/10\/WhatsApp-Image-2020-10-02-at-12.42.00-1-768x1143.jpeg 768w, https:\/\/tvc16.com\/portal\/wp-content\/uploads\/2020\/10\/WhatsApp-Image-2020-10-02-at-12.42.00-1.jpeg 860w\" sizes=\"auto, (max-width: 688px) 100vw, 688px\" \/><\/figure>\n\n\n\n<p>Mais informa\u00e7\u00f5es sobre a compra podem ser obtidas pelo telefone (24) 2242-0956 ou na Rua Visconde da Penha, 72 \u2013 Centro.<\/p>\n","protected":false},"excerpt":{"rendered":"<p>Teve in\u00edcio na noite da \u00faltima quinta-feira (1), a campanha do Outubro Rosa, realizada pela<\/p>\n","protected":false},"author":2,"featured_media":1817,"comment_status":"open","ping_status":"open","sticky":false,"template":"","format":"standard","meta":{"footnotes":""},"categories":[12],"tags":[],"class_list":["post-1816","post","type-post","status-publish","format-standard","has-post-thumbnail","hentry","category-cidade"],"_links":{"self":[{"href":"https:\/\/tvc16.com\/portal\/wp-json\/wp\/v2\/posts\/1816","targetHints":{"allow":["GET"]}}],"collection":[{"href":"https:\/\/tvc16.com\/portal\/wp-json\/wp\/v2\/posts"}],"about":[{"href":"https:\/\/tvc16.com\/portal\/wp-json\/wp\/v2\/types\/post"}],"author":[{"embeddable":true,"href":"https:\/\/tvc16.com\/portal\/wp-json\/wp\/v2\/users\/2"}],"replies":[{"embeddable":true,"href":"https:\/\/tvc16.com\/portal\/wp-json\/wp\/v2\/comments?post=1816"}],"version-history":[{"count":1,"href":"https:\/\/tvc16.com\/portal\/wp-json\/wp\/v2\/posts\/1816\/revisions"}],"predecessor-version":[{"id":1820,"href":"https:\/\/tvc16.com\/portal\/wp-json\/wp\/v2\/posts\/1816\/revisions\/1820"}],"wp:featuredmedia":[{"embeddable":true,"href":"https:\/\/tvc16.com\/portal\/wp-json\/wp\/v2\/media\/1817"}],"wp:attachment":[{"href":"https:\/\/tvc16.com\/portal\/wp-json\/wp\/v2\/media?parent=1816"}],"wp:term":[{"taxonomy":"category","embeddable":true,"href":"https:\/\/tvc16.com\/portal\/wp-json\/wp\/v2\/categories?post=1816"},{"taxonomy":"post_tag","embeddable":true,"href":"https:\/\/tvc16.com\/portal\/wp-json\/wp\/v2\/tags?post=1816"}],"curies":[{"name":"wp","href":"https:\/\/api.w.org\/{rel}","templated":true}]}}