{"id":1821,"date":"2020-10-02T23:57:17","date_gmt":"2020-10-02T23:57:17","guid":{"rendered":"https:\/\/tvc16.com\/portal\/?p=1821"},"modified":"2020-10-02T23:57:17","modified_gmt":"2020-10-02T23:57:17","slug":"mais-duas-pessoas-morrem-por-covid-19-em-petropolis-2","status":"publish","type":"post","link":"https:\/\/tvc16.com\/portal\/2020\/10\/02\/mais-duas-pessoas-morrem-por-covid-19-em-petropolis-2\/","title":{"rendered":"Mais duas pessoas morrem por Covid-19 em Petr\u00f3polis"},"content":{"rendered":"\n<p>A Secretaria Municipal de Sa\u00fade confirmou, na tarde de sexta-feira (02), mais duas mortes de moradores de Petr\u00f3polis por covid-19. Com isso, a cidade passa a contabilizar 234 \u00f3bitos provocados pelo novo coronav\u00edrus, al\u00e9m de 6.967 casos confirmados. <\/p>\n\n\n\n<p>As v\u00edtimas s\u00e3o uma mulher de 42 anos, moradora do Centro, internada no Hospital Municipal Nelson de S\u00e1 Earp (HMNSE) e que morreu nesta quinta-feira (1\u00b0), e um homem de 72 anos, morador do Lajinha, que estava internado no Hospital Cl\u00ednico de Corr\u00eaas (HCC) e faleceu na quarta-feira (30).<\/p>\n\n\n\n<p>Segundo o boletim epidemiol\u00f3gico, at\u00e9 o momento foram realizados 63.814 testes na cidade. Desses, 56.249 resultaram negativos, 6.967 positivos e 598 est\u00e3o em an\u00e1lise, entre PCR e testes r\u00e1pidos. H\u00e1 62 pacientes internados na cidade, podendo ser casos positivos ou em investiga\u00e7\u00e3o esperando o resultado do teste. <\/p>\n\n\n\n<p>Os dados mostram, ainda, que 4.739 pessoas est\u00e3o curadas do coronav\u00edrus. Esse n\u00famero se refere \u00e0s pessoas que estiveram internadas nas unidades hospitalares da cidade ou que se mantiveram em isolamento domiciliar e que, hoje, n\u00e3o apresentam mais os principais sintomas da doen\u00e7a.<\/p>\n\n\n\n<p>Nesta sexta-feira, o munic\u00edpio contabiliza pelo SUS 22,22% dos leitos cl\u00ednicos e 29,29% de UTI ocupados com pacientes infectados com coronav\u00edrus.<\/p>\n","protected":false},"excerpt":{"rendered":"<p>A Secretaria Municipal de Sa\u00fade confirmou, na tarde de sexta-feira (02), mais duas mortes de<\/p>\n","protected":false},"author":2,"featured_media":1822,"comment_status":"open","ping_status":"open","sticky":false,"template":"","format":"standard","meta":{"footnotes":""},"categories":[12],"tags":[],"class_list":["post-1821","post","type-post","status-publish","format-standard","has-post-thumbnail","hentry","category-cidade"],"_links":{"self":[{"href":"https:\/\/tvc16.com\/portal\/wp-json\/wp\/v2\/posts\/1821","targetHints":{"allow":["GET"]}}],"collection":[{"href":"https:\/\/tvc16.com\/portal\/wp-json\/wp\/v2\/posts"}],"about":[{"href":"https:\/\/tvc16.com\/portal\/wp-json\/wp\/v2\/types\/post"}],"author":[{"embeddable":true,"href":"https:\/\/tvc16.com\/portal\/wp-json\/wp\/v2\/users\/2"}],"replies":[{"embeddable":true,"href":"https:\/\/tvc16.com\/portal\/wp-json\/wp\/v2\/comments?post=1821"}],"version-history":[{"count":1,"href":"https:\/\/tvc16.com\/portal\/wp-json\/wp\/v2\/posts\/1821\/revisions"}],"predecessor-version":[{"id":1823,"href":"https:\/\/tvc16.com\/portal\/wp-json\/wp\/v2\/posts\/1821\/revisions\/1823"}],"wp:featuredmedia":[{"embeddable":true,"href":"https:\/\/tvc16.com\/portal\/wp-json\/wp\/v2\/media\/1822"}],"wp:attachment":[{"href":"https:\/\/tvc16.com\/portal\/wp-json\/wp\/v2\/media?parent=1821"}],"wp:term":[{"taxonomy":"category","embeddable":true,"href":"https:\/\/tvc16.com\/portal\/wp-json\/wp\/v2\/categories?post=1821"},{"taxonomy":"post_tag","embeddable":true,"href":"https:\/\/tvc16.com\/portal\/wp-json\/wp\/v2\/tags?post=1821"}],"curies":[{"name":"wp","href":"https:\/\/api.w.org\/{rel}","templated":true}]}}