{"id":1837,"date":"2020-10-03T00:14:17","date_gmt":"2020-10-03T00:14:17","guid":{"rendered":"https:\/\/tvc16.com\/portal\/?p=1837"},"modified":"2020-10-03T00:14:17","modified_gmt":"2020-10-03T00:14:17","slug":"tce-se-aprova-regras-para-transicao-de-governo-em-meio-a-pandemia","status":"publish","type":"post","link":"https:\/\/tvc16.com\/portal\/2020\/10\/03\/tce-se-aprova-regras-para-transicao-de-governo-em-meio-a-pandemia\/","title":{"rendered":"TCE-SE aprova regras para transi\u00e7\u00e3o de governo em meio \u00e0 pandemia"},"content":{"rendered":"\n<p>O Tribunal de Contas de Sergipe (TCE-SE) aprovou, nesta quinta-feira (01), resolu\u00e7\u00e3o que trata sobre a transi\u00e7\u00e3o de governo, tanto em prefeituras como no \u00e2mbito estadual, em meio \u00e0 pandemia da&nbsp;Covid-19.&nbsp;<\/p>\n\n\n\n<p>Entre outros pontos, o documento estabelece que o governador ou prefeito, em exerc\u00edcio do \u00faltimo ano de mandato, nomeie servidores para cuidarem da transi\u00e7\u00e3o, com atribui\u00e7\u00e3o de repassar informa\u00e7\u00f5es e documentos para equipe de transi\u00e7\u00e3o do pr\u00f3ximo gestor. Os funcion\u00e1rios p\u00fablicos dever\u00e3o ser nomeados para a fun\u00e7\u00e3o em at\u00e9 48 horas ap\u00f3s o resultado das elei\u00e7\u00f5es.&nbsp;<\/p>\n\n\n\n<p>Segundo o presidente do TCE-SE, a resolu\u00e7\u00e3o deve garantir os princ\u00edpios de probidade, continuidade dos servi\u00e7os p\u00fablicos, responsabilidade e transpar\u00eancia da gest\u00e3o fiscal.\u00a0<\/p>\n\n\n\n<p>Fonte: <a href=\"https:\/\/brasil61.com\/noticias\/tce-se-aprova-regras-para-transicao-de-governo-em-meio-a-pandemia-bras202082\" target=\"_blank\" rel=\"noreferrer noopener\">Brasil 61<\/a><\/p>\n","protected":false},"excerpt":{"rendered":"<p>O Tribunal de Contas de Sergipe (TCE-SE) aprovou, nesta quinta-feira (01), resolu\u00e7\u00e3o que trata sobre<\/p>\n","protected":false},"author":2,"featured_media":1838,"comment_status":"open","ping_status":"open","sticky":false,"template":"","format":"standard","meta":{"footnotes":""},"categories":[15],"tags":[],"class_list":["post-1837","post","type-post","status-publish","format-standard","has-post-thumbnail","hentry","category-politica"],"_links":{"self":[{"href":"https:\/\/tvc16.com\/portal\/wp-json\/wp\/v2\/posts\/1837","targetHints":{"allow":["GET"]}}],"collection":[{"href":"https:\/\/tvc16.com\/portal\/wp-json\/wp\/v2\/posts"}],"about":[{"href":"https:\/\/tvc16.com\/portal\/wp-json\/wp\/v2\/types\/post"}],"author":[{"embeddable":true,"href":"https:\/\/tvc16.com\/portal\/wp-json\/wp\/v2\/users\/2"}],"replies":[{"embeddable":true,"href":"https:\/\/tvc16.com\/portal\/wp-json\/wp\/v2\/comments?post=1837"}],"version-history":[{"count":1,"href":"https:\/\/tvc16.com\/portal\/wp-json\/wp\/v2\/posts\/1837\/revisions"}],"predecessor-version":[{"id":1839,"href":"https:\/\/tvc16.com\/portal\/wp-json\/wp\/v2\/posts\/1837\/revisions\/1839"}],"wp:featuredmedia":[{"embeddable":true,"href":"https:\/\/tvc16.com\/portal\/wp-json\/wp\/v2\/media\/1838"}],"wp:attachment":[{"href":"https:\/\/tvc16.com\/portal\/wp-json\/wp\/v2\/media?parent=1837"}],"wp:term":[{"taxonomy":"category","embeddable":true,"href":"https:\/\/tvc16.com\/portal\/wp-json\/wp\/v2\/categories?post=1837"},{"taxonomy":"post_tag","embeddable":true,"href":"https:\/\/tvc16.com\/portal\/wp-json\/wp\/v2\/tags?post=1837"}],"curies":[{"name":"wp","href":"https:\/\/api.w.org\/{rel}","templated":true}]}}