{"id":184,"date":"2020-07-17T10:03:32","date_gmt":"2020-07-17T10:03:32","guid":{"rendered":"https:\/\/tvc16.com\/portal\/?p=184"},"modified":"2020-07-17T11:20:21","modified_gmt":"2020-07-17T11:20:21","slug":"novo-ministro-da-educacao-toma-posse-defendendo-autoridade-do-professor","status":"publish","type":"post","link":"https:\/\/tvc16.com\/portal\/2020\/07\/17\/novo-ministro-da-educacao-toma-posse-defendendo-autoridade-do-professor\/","title":{"rendered":"Novo ministro da Educa\u00e7\u00e3o toma posse defendendo autoridade do professor"},"content":{"rendered":"\n<p>Depois de um m\u00eas da sa\u00edda de Abraham Weintraub, o Minist\u00e9rio da Educa\u00e7\u00e3o voltou a ter um titular nesta quinta-feira (16), com a posse do professor e pastor presbiteriano&nbsp;<a href=\"https:\/\/www.cnnbrasil.com.br\/politica\/2020\/07\/10\/quem-e-o-pastor-milton-ribeiro-novo-ministro-da-educacao\" target=\"_blank\" rel=\"noreferrer noopener\">Milton Ribeiro<\/a>&nbsp;como novo ministro.<\/p>\n\n\n\n<p>Ribeiro falou que pretende &#8220;resgatar o respeito pelo professor&#8221; e criticou &#8220;filosofias e interpreta\u00e7\u00f5es educacionais equivocadas&#8221; que foram, segundo ele, em sentido contr\u00e1rio.&nbsp;<\/p>\n\n\n\n<p>&#8220;E agora, o que existe por muitas vezes s\u00e3o epis\u00f3dios de viol\u00eancia de alguns maus alunos contra professores. As mesmas vozes cr\u00edticas da nossa sociedade devem se posicionar contra esses epis\u00f3dios com a mesma intensidade&#8221;, argumentou.<\/p>\n\n\n\n<p>O novo ministro n\u00e3o citou nominalmente, mas o educador Paulo Freire, que lastreou boa parte da forma\u00e7\u00e3o dos atuais acad\u00eamicos da \u00e1rea brasileira, defendia a educa\u00e7\u00e3o como um di\u00e1logo entre professor e aluno, em patamares equivalentes de poder.<\/p>\n\n\n\n<p>Ao mesmo tempo, Ribeiro prometeu &#8220;abrir um grande di\u00e1logo para ouvir os acad\u00eamicos e os educadores&#8221; e tocou nas duas principais feridas levantadas entre a nomea\u00e7\u00e3o e a sua posse no cargo.<\/p>\n\n\n\n<p>Ele citou a sua forma\u00e7\u00e3o religiosa, afirmando que ela n\u00e3o o impedir\u00e1 de defender a laicidade da escola p\u00fablica. E comentou falas atribu\u00eddas a ele de que defenderia castigos f\u00edsicos a crian\u00e7as.<\/p>\n\n\n\n<p>&#8220;Jamais falei em viol\u00eancia f\u00edsica na educa\u00e7\u00e3o escolar e nunca defenderei tal pr\u00e1tica, que faz parte de um passado que n\u00e3o queremos de volta&#8221;, afirmou o novo ministro.<\/p>\n\n\n\n<p>Bolsonaro<\/p>\n\n\n\n<p>Ribeiro tomou posse em cerim\u00f4nia realizada com a participa\u00e7\u00e3o, via videoconfer\u00eancia, do presidente Jair Bolsonaro (sem partido). Bolsonaro segue isolado ap\u00f3s seu segundo teste resultar mais uma vez positivo para a Covid-19 e assinou o termo de posse do novo ministro da resid\u00eancia oficial no Pal\u00e1cio do Alvorada.<\/p>\n\n\n\n<p>Bolsonaro citou as suas proximidades com o novo ministro, como a inf\u00e2ncia no estado de S\u00e3o Paulo no mesmo per\u00edodo e a origem militar. Milton Ribeiro serviu ao Ex\u00e9rcito, mas n\u00e3o seguiu carreira.<\/p>\n\n\n\n<p>O presidente fez coro \u00e0 fala do ministro em prol da autoridade dos docentes. &#8220;Na nossa \u00e9poca, o professor n\u00e3o s\u00f3 tinha, como exercia a autoridade&#8221;, disse. O presidente tamb\u00e9m disse que &#8220;tentaram consertar, mas na verdade se equivocaram&#8221; nas pol\u00edticas adotadas.<\/p>\n\n\n\n<p>Jair Bolsonaro ainda disse que ele poder\u00e1 &#8220;escolher pessoas para estar ao seu lado&#8221;, mas sinalizou que gostaria da manuten\u00e7\u00e3o de nomes atualmente no Minist\u00e9rio da Educa\u00e7\u00e3o. &#8220;Grande parte do minist\u00e9rio pensa como voc\u00ea&#8221;, disse.&nbsp;<\/p>\n\n\n\n<p>Remanescentes dos \u00faltimos meses, nomeados ligados \u00e0 chamada ala ideol\u00f3gica e indica\u00e7\u00f5es do Centr\u00e3o ocupam diversos postos dentro do MEC. Uma das primeiras posi\u00e7\u00f5es que o novo ministro precisar\u00e1 suprir \u00e9 a secretaria-executiva, a segunda posi\u00e7\u00e3o mais importante.<\/p>\n\n\n\n<p>Antonio Paulo Vogel chegou a ser cotado para ser ministro, mas perdeu for\u00e7a quando foi enfatizada a sua atua\u00e7\u00e3o na gest\u00e3o de Fernando Haddad (PT) como prefeito de S\u00e3o Paulo. Com a chegada do ministro Milton Ribeiro,&nbsp;<a href=\"https:\/\/www.cnnbrasil.com.br\/politica\/2020\/07\/14\/secretario-executivo-do-mec-deixara-a-pasta-apos-chegada-de-milton-ribeiro\" target=\"_blank\" rel=\"noreferrer noopener\">Vogel j\u00e1 definiu a sua sa\u00edda do Minist\u00e9rio da Educa\u00e7\u00e3o<\/a>.<\/p>\n","protected":false},"excerpt":{"rendered":"<p>Depois de um m\u00eas da sa\u00edda de Abraham Weintraub, o Minist\u00e9rio da Educa\u00e7\u00e3o voltou a<\/p>\n","protected":false},"author":1,"featured_media":185,"comment_status":"closed","ping_status":"closed","sticky":false,"template":"","format":"standard","meta":{"footnotes":""},"categories":[15],"tags":[],"class_list":["post-184","post","type-post","status-publish","format-standard","has-post-thumbnail","hentry","category-politica"],"_links":{"self":[{"href":"https:\/\/tvc16.com\/portal\/wp-json\/wp\/v2\/posts\/184","targetHints":{"allow":["GET"]}}],"collection":[{"href":"https:\/\/tvc16.com\/portal\/wp-json\/wp\/v2\/posts"}],"about":[{"href":"https:\/\/tvc16.com\/portal\/wp-json\/wp\/v2\/types\/post"}],"author":[{"embeddable":true,"href":"https:\/\/tvc16.com\/portal\/wp-json\/wp\/v2\/users\/1"}],"replies":[{"embeddable":true,"href":"https:\/\/tvc16.com\/portal\/wp-json\/wp\/v2\/comments?post=184"}],"version-history":[{"count":1,"href":"https:\/\/tvc16.com\/portal\/wp-json\/wp\/v2\/posts\/184\/revisions"}],"predecessor-version":[{"id":186,"href":"https:\/\/tvc16.com\/portal\/wp-json\/wp\/v2\/posts\/184\/revisions\/186"}],"wp:featuredmedia":[{"embeddable":true,"href":"https:\/\/tvc16.com\/portal\/wp-json\/wp\/v2\/media\/185"}],"wp:attachment":[{"href":"https:\/\/tvc16.com\/portal\/wp-json\/wp\/v2\/media?parent=184"}],"wp:term":[{"taxonomy":"category","embeddable":true,"href":"https:\/\/tvc16.com\/portal\/wp-json\/wp\/v2\/categories?post=184"},{"taxonomy":"post_tag","embeddable":true,"href":"https:\/\/tvc16.com\/portal\/wp-json\/wp\/v2\/tags?post=184"}],"curies":[{"name":"wp","href":"https:\/\/api.w.org\/{rel}","templated":true}]}}