{"id":1843,"date":"2020-10-03T00:17:34","date_gmt":"2020-10-03T00:17:34","guid":{"rendered":"https:\/\/tvc16.com\/portal\/?p=1843"},"modified":"2020-10-03T00:17:34","modified_gmt":"2020-10-03T00:17:34","slug":"instituicoes-de-ensino-estao-preparadas-para-receber-alunos-presencialmente-garante-diretor-da-abmes","status":"publish","type":"post","link":"https:\/\/tvc16.com\/portal\/2020\/10\/03\/instituicoes-de-ensino-estao-preparadas-para-receber-alunos-presencialmente-garante-diretor-da-abmes\/","title":{"rendered":"\u201cInstitui\u00e7\u00f5es de ensino est\u00e3o preparadas para receber alunos presencialmente\u201d, garante diretor da ABMES"},"content":{"rendered":"\n<p>Desde quando alguns estados brasileiros come\u00e7aram a registrar uma certa estabiliza\u00e7\u00e3o no n\u00famero de casos da Covid-19, a popula\u00e7\u00e3o, autoridades e pessoas ligadas \u00e0 \u00e1rea da Educa\u00e7\u00e3o come\u00e7aram a questionar sobre o retorno das aulas presenciais no pa\u00eds.<\/p>\n\n\n\n<p>Em entrevista exclusiva ao portal <a href=\"https:\/\/brasil61.com\/\">brasil61.com<\/a>, o diretor-executivo da Associa\u00e7\u00e3o Brasileira de Mantenedoras de Ensino Superior <a href=\"https:\/\/abmes.org.br\/\">(ABMES)<\/a>, S\u00f3lon Caldas, afirmou que isso n\u00e3o deve ocorrer imediatamente, mas garantiu que as institui\u00e7\u00f5es de ensino j\u00e1 est\u00e3o preparadas para esse regresso.<\/p>\n\n\n\n<p>\u201cAs institui\u00e7\u00f5es de ensino est\u00e3o preparadas e est\u00e3o obedecendo a protocolos de seguran\u00e7a determinados pela <a href=\"https:\/\/www.who.int\/eportuguese\/countries\/bra\/pt\/\">OMS<\/a>, pelo <a href=\"https:\/\/saude.gov.br\/\">Minist\u00e9rio da Sa\u00fade<\/a> e governos locais, para que essa volta ocorra dentro da maior seguran\u00e7a poss\u00edvel. \u00c9 certo que ser\u00e1 uma volta gradativa, porque temos grupos de risco. Essas pessoas v\u00e3o continuar assistindo aula de casa, tendo acesso \u00e0 aula virtual\u201d, explicou.<\/p>\n\n\n\n<p>Em rela\u00e7\u00e3o ao ensino \u00e0 dist\u00e2ncia, Caldas disse que o n\u00famero de alunos matriculados nesta modalidade tem aumentado significativamente nos \u00faltimos anos, n\u00e3o apenas por causa da pandemia. Sobre esta quest\u00e3o, ele acredita que houve um aumento de custo para as institui\u00e7\u00f5es de ensino, tendo em vista \u00e0s adequa\u00e7\u00f5es que precisaram ser feitas.<\/p>\n\n\n\n<p>\u201cEsse custo aumentou substancialmente porque, para oferecer as aulas remotas, as institui\u00e7\u00f5es tiveram que investir muito em tecnologia, em software, em internet, para que essas aulas pudessem chegar at\u00e9 os alunos. Ent\u00e3o, as institui\u00e7\u00f5es de ensino se adaptaram rapidamente a esse novo contexto, a educa\u00e7\u00e3o no nosso pa\u00eds n\u00e3o parou e os alunos est\u00e3o tendo segmento no seu ano letivo para que n\u00e3o seja comprometida a sua forma\u00e7\u00e3o\u201d, considerou.<\/p>\n\n\n\n<figure class=\"wp-block-image\"><img decoding=\"async\" src=\"\/\/s3-sa-east-1.amazonaws.com\/agencia-radio-arb\/2920\/content_Olhos.png\" alt=\"\" title=\"Brasil 61\"\/><\/figure>\n\n\n\n<p>Durante a entrevista, o diretor executivo da ABMES tamb\u00e9m falou sobre o papel da educa\u00e7\u00e3o \u00e0 dist\u00e2ncia para pessoas que vivem em pequenos munic\u00edpios, onde o acesso \u00e9 dif\u00edcil. Nesse contexto, ele entende que a modalidade \u00e9 uma porta de acesso para quem tem essas dificuldades, mas busca se qualificar.<\/p>\n\n\n\n<p>\u201cEntre 2015 e 2017, o n\u00famero de matr\u00edculas no ensino presencial diminuiu enquanto no EAD aumentou. Essa modalidade tem crescido e proporciona uma oportunidade para que os alunos de munic\u00edpios menores, onde n\u00e3o tem oferta do presencial, possam ter acesso \u00e0 educa\u00e7\u00e3o superior. Quem ganha com isso \u00e9 o pa\u00eds, que vai ter cada vez mais m\u00e3o de obra qualificada no mercado de trabalho e, consequentemente, o desenvolvimento do Brasil\u201d, pontua.<\/p>\n\n\n\n<p><a href=\"https:\/\/brasil61.com\/noticias\/mudancas-no-ensino-medio-sao-previstas-pelo-inep-bras201957\"><strong>Mudan\u00e7as no ensino m\u00e9dio s\u00e3o previstas pelo Inep<\/strong><\/a><\/p>\n\n\n\n<p><a href=\"https:\/\/brasil61.com\/noticias\/mais-de-100-deputados-federais-assinam-manifesto-contra-corte-de-r-1-8-bi-no-orcamento-do-mec-para-2021-bras201940\"><strong>Mais de 100 deputados federais assinam manifesto contra corte de R$ 1,8 bi no or\u00e7amento do MEC para 2021<\/strong><\/a><\/p>\n\n\n\n<p><a href=\"https:\/\/brasil61.com\/noticias\/cerca-de-2-6-milhoes-de-estudantes-da-rede-publica-nas-regioes-remotas-do-pais-ja-tem-acesso-a-internet-banda-larga-bras201939\"><strong>Cerca de 2,6 milh\u00f5es de estudantes da rede p\u00fablica nas regi\u00f5es remotas do pa\u00eds j\u00e1 t\u00eam acesso a internet banda larga<\/strong><\/a><\/p>\n\n\n\n<p>Para a p\u00f3s-pandemia, S\u00f3lon Caldas acredita que haver\u00e1 uma evolu\u00e7\u00e3o do ensino h\u00edbrido, na qual uma parte das disciplinas ser\u00e1 disponibilizada remotamente, enquanto outra ser\u00e1 executada no pr\u00f3prio ambiente escolar. Isso, segundo ele, vai permitir aos alunos terem uma melhor adequa\u00e7\u00e3o e usar o tempo de forma mais eficiente.<\/p>\n\n\n\n<p>\u201cAs disciplinas te\u00f3ricas, certamente ter\u00e3o essa destina\u00e7\u00e3o, enquanto as que precisam da presen\u00e7a em sala de aula, ter\u00e3o que contar com o deslocamento do aluno at\u00e9 o ambiente escolar. Isso ainda n\u00e3o est\u00e1 muito bem definido, at\u00e9 porque a regula\u00e7\u00e3o n\u00e3o prev\u00ea esse modelo h\u00edbrido. As autoridades v\u00e3o precisar rever toda essa regulamenta\u00e7\u00e3o, para atualizar o ensino para a p\u00f3s-pandemia\u201d, avaliou.<\/p>\n\n\n\n<p>H\u00e1 cerca de uma semana, o Minist\u00e9rio da Educa\u00e7\u00e3o informou que estuda uma forma de avaliar os efeitos da pandemia na a aprendizagem dos alunos no Brasil. Segundo destacou o presidente do Instituto Nacional de Estudos e Pesquisas Educacionais An\u00edsio Teixeira (Inep), Alexandre Lopes, o \u00f3rg\u00e3o procura uma \u201cpossibilidade de fazer avalia\u00e7\u00f5es amostrais\u201d, mas, que, por enquanto, seriam para estudos internos e n\u00e3o avalia\u00e7\u00f5es em larga escala.<\/p>\n\n\n\n<p>Fonte: <a href=\"https:\/\/brasil61.com\/noticias\/instituicoes-de-ensino-estao-preparadas-para-receber-alunos-presencialmente-garante-diretor-da-abmes-bras201995\" target=\"_blank\" rel=\"noreferrer noopener\">Brasil 61<\/a><\/p>\n","protected":false},"excerpt":{"rendered":"<p>Desde quando alguns estados brasileiros come\u00e7aram a registrar uma certa estabiliza\u00e7\u00e3o no n\u00famero de casos<\/p>\n","protected":false},"author":2,"featured_media":1844,"comment_status":"open","ping_status":"open","sticky":false,"template":"","format":"standard","meta":{"footnotes":""},"categories":[19],"tags":[],"class_list":["post-1843","post","type-post","status-publish","format-standard","has-post-thumbnail","hentry","category-educacao"],"_links":{"self":[{"href":"https:\/\/tvc16.com\/portal\/wp-json\/wp\/v2\/posts\/1843","targetHints":{"allow":["GET"]}}],"collection":[{"href":"https:\/\/tvc16.com\/portal\/wp-json\/wp\/v2\/posts"}],"about":[{"href":"https:\/\/tvc16.com\/portal\/wp-json\/wp\/v2\/types\/post"}],"author":[{"embeddable":true,"href":"https:\/\/tvc16.com\/portal\/wp-json\/wp\/v2\/users\/2"}],"replies":[{"embeddable":true,"href":"https:\/\/tvc16.com\/portal\/wp-json\/wp\/v2\/comments?post=1843"}],"version-history":[{"count":1,"href":"https:\/\/tvc16.com\/portal\/wp-json\/wp\/v2\/posts\/1843\/revisions"}],"predecessor-version":[{"id":1845,"href":"https:\/\/tvc16.com\/portal\/wp-json\/wp\/v2\/posts\/1843\/revisions\/1845"}],"wp:featuredmedia":[{"embeddable":true,"href":"https:\/\/tvc16.com\/portal\/wp-json\/wp\/v2\/media\/1844"}],"wp:attachment":[{"href":"https:\/\/tvc16.com\/portal\/wp-json\/wp\/v2\/media?parent=1843"}],"wp:term":[{"taxonomy":"category","embeddable":true,"href":"https:\/\/tvc16.com\/portal\/wp-json\/wp\/v2\/categories?post=1843"},{"taxonomy":"post_tag","embeddable":true,"href":"https:\/\/tvc16.com\/portal\/wp-json\/wp\/v2\/tags?post=1843"}],"curies":[{"name":"wp","href":"https:\/\/api.w.org\/{rel}","templated":true}]}}