{"id":1852,"date":"2020-10-03T21:09:41","date_gmt":"2020-10-03T21:09:41","guid":{"rendered":"https:\/\/tvc16.com\/portal\/?p=1852"},"modified":"2020-10-03T21:09:41","modified_gmt":"2020-10-03T21:09:41","slug":"concerto-virtual-do-coral-dos-canarinhos-neste-domingo","status":"publish","type":"post","link":"https:\/\/tvc16.com\/portal\/2020\/10\/03\/concerto-virtual-do-coral-dos-canarinhos-neste-domingo\/","title":{"rendered":"Concerto virtual do Coral dos Canarinhos neste domingo"},"content":{"rendered":"\n<p><\/p>\n\n\n\n<p>As celebra\u00e7\u00f5es pelo dia de S\u00e3o Francisco de Assis contar\u00e3o, neste domingo (4), com uma programa\u00e7\u00e3o especial: um concerto do Coral dos Canarinhos de Petr\u00f3polis e das Meninas dos Canarinhos de Petr\u00f3polis, com pe\u00e7as em homenagem a S\u00e3o Francisco de Assis. A apresenta\u00e7\u00e3o foi gravada em 2019 tamb\u00e9m durante a Semana Franciscana, organizada anualmente pela par\u00f3quia e o convento do Sagrado Cora\u00e7\u00e3o de Jesus de Petr\u00f3polis. No chamado \u201cnovo normal\u201d, o concerto ser\u00e1 transmitido pelo facebook do coral, a partir das 18h.<\/p>\n\n\n\n<p>O maestro Marco Aur\u00e9lio Lischt selecionou as pe\u00e7as levando em conta sua import\u00e2ncia para a data. \u201c\u00c9 bastante raro encontrarmos um programa s\u00f3 com obras de S\u00e3o Francisco de Assis\u201d, lembrou ele, que escolheu para a data \u201cQuatro pequenas preces de S\u00e3o Francisco\u201d, de Francis Poulenc; al\u00e9m de \u201cMagnificabitur\u201d, de Frei Bas\u00edlio R\u00f6wer; e \u201cO sanctissima anima\u201d, tamb\u00e9m do Frei Bas\u00edlio R\u00f6wer. O Coral das Meninas dos Canarinhos far\u00e1 o encerramento, apresentando \u201cThe Lord bless You and keep You\u201d, de John Rutter. \u201cOs corais s\u00e3o uma obra da Prov\u00edncia Franciscana. N\u00e3o poder\u00edamos ficar de fora desta celebra\u00e7\u00e3o\u201d, frisou.<\/p>\n\n\n\n<p>Por causa da pandemia, o&nbsp;Instituto dos Meninos Cantores de Petr\u00f3polis&nbsp;suspendeu as atividades presenciais ainda em mar\u00e7o, incluindo ensaios e apresenta\u00e7\u00f5es. Mas, para garantir a presen\u00e7a de seus coros em datas especiais, o grupo tem lan\u00e7ado m\u00e3o da tecnologia, transmitindo concertos j\u00e1 realizados e relembrando momentos importantes da trajet\u00f3ria do Coral dos Canarinhos e do Coral das Meninas dos Canarinhos de Petr\u00f3polis. Para o grupo,&nbsp;manter o contato com o p\u00fablico, mesmo que por meio da internet, ameniza a ansiedade dos pr\u00f3prios cantores para o retorno e aquece os cora\u00e7\u00f5es de todos enquanto se faz necess\u00e1rio o afastamento social.<\/p>\n\n\n\n<p><strong>Sobre os corais<\/strong><\/p>\n\n\n\n<p>Este ano, o Coral dos Canarinhos comemora 78 anos de exist\u00eancia, dedicados \u00e0 m\u00fasica sacra. J\u00e1 o Coral das Meninas chega aos seus 32 anos, parte desse tempo exaltando a m\u00fasica popular brasileira, mas tamb\u00e9m a m\u00fasica sacra. O Instituto dos Meninos Cantores de Petr\u00f3polis oferece forma\u00e7\u00e3o coral inteiramente gratuita. O objetivo \u00e9 transformar a realidade dos integrantes, por meio da integra\u00e7\u00e3o e do conv\u00edvio, formando cidad\u00e3os conscientes. Para a manuten\u00e7\u00e3o do trabalho, o IMCP conta com doa\u00e7\u00f5es que podem ser depositadas na conta da Institui\u00e7\u00e3o.<\/p>\n\n\n\n<figure class=\"wp-block-image size-large is-style-default\"><img loading=\"lazy\" decoding=\"async\" width=\"1024\" height=\"682\" src=\"https:\/\/tvc16.com\/portal\/wp-content\/uploads\/2020\/10\/IMG_0930_Easy-Resize.com_-1024x682.jpg\" alt=\"\" class=\"wp-image-1854\" srcset=\"https:\/\/tvc16.com\/portal\/wp-content\/uploads\/2020\/10\/IMG_0930_Easy-Resize.com_-1024x682.jpg 1024w, https:\/\/tvc16.com\/portal\/wp-content\/uploads\/2020\/10\/IMG_0930_Easy-Resize.com_-300x200.jpg 300w, https:\/\/tvc16.com\/portal\/wp-content\/uploads\/2020\/10\/IMG_0930_Easy-Resize.com_-768x512.jpg 768w, https:\/\/tvc16.com\/portal\/wp-content\/uploads\/2020\/10\/IMG_0930_Easy-Resize.com_-900x600.jpg 900w, https:\/\/tvc16.com\/portal\/wp-content\/uploads\/2020\/10\/IMG_0930_Easy-Resize.com_.jpg 1280w\" sizes=\"auto, (max-width: 1024px) 100vw, 1024px\" \/><\/figure>\n","protected":false},"excerpt":{"rendered":"<p>As celebra\u00e7\u00f5es pelo dia de S\u00e3o Francisco de Assis contar\u00e3o, neste domingo (4), com uma<\/p>\n","protected":false},"author":2,"featured_media":1853,"comment_status":"open","ping_status":"open","sticky":false,"template":"","format":"standard","meta":{"footnotes":""},"categories":[12],"tags":[],"class_list":["post-1852","post","type-post","status-publish","format-standard","has-post-thumbnail","hentry","category-cidade"],"_links":{"self":[{"href":"https:\/\/tvc16.com\/portal\/wp-json\/wp\/v2\/posts\/1852","targetHints":{"allow":["GET"]}}],"collection":[{"href":"https:\/\/tvc16.com\/portal\/wp-json\/wp\/v2\/posts"}],"about":[{"href":"https:\/\/tvc16.com\/portal\/wp-json\/wp\/v2\/types\/post"}],"author":[{"embeddable":true,"href":"https:\/\/tvc16.com\/portal\/wp-json\/wp\/v2\/users\/2"}],"replies":[{"embeddable":true,"href":"https:\/\/tvc16.com\/portal\/wp-json\/wp\/v2\/comments?post=1852"}],"version-history":[{"count":1,"href":"https:\/\/tvc16.com\/portal\/wp-json\/wp\/v2\/posts\/1852\/revisions"}],"predecessor-version":[{"id":1855,"href":"https:\/\/tvc16.com\/portal\/wp-json\/wp\/v2\/posts\/1852\/revisions\/1855"}],"wp:featuredmedia":[{"embeddable":true,"href":"https:\/\/tvc16.com\/portal\/wp-json\/wp\/v2\/media\/1853"}],"wp:attachment":[{"href":"https:\/\/tvc16.com\/portal\/wp-json\/wp\/v2\/media?parent=1852"}],"wp:term":[{"taxonomy":"category","embeddable":true,"href":"https:\/\/tvc16.com\/portal\/wp-json\/wp\/v2\/categories?post=1852"},{"taxonomy":"post_tag","embeddable":true,"href":"https:\/\/tvc16.com\/portal\/wp-json\/wp\/v2\/tags?post=1852"}],"curies":[{"name":"wp","href":"https:\/\/api.w.org\/{rel}","templated":true}]}}