{"id":1856,"date":"2020-10-03T21:13:20","date_gmt":"2020-10-03T21:13:20","guid":{"rendered":"https:\/\/tvc16.com\/portal\/?p=1856"},"modified":"2020-10-03T21:13:20","modified_gmt":"2020-10-03T21:13:20","slug":"secretaria-de-educacao-anuncia-protocolos-para-retomada-das-aulas-no-rj","status":"publish","type":"post","link":"https:\/\/tvc16.com\/portal\/2020\/10\/03\/secretaria-de-educacao-anuncia-protocolos-para-retomada-das-aulas-no-rj\/","title":{"rendered":"Secretaria de Educa\u00e7\u00e3o anuncia protocolos para retomada das aulas no RJ"},"content":{"rendered":"\n<p><\/p>\n\n\n\n<p><em>Reabertura das escolas da rede estadual, em 2020, ser\u00e1 somente para alunos da 3\u00aa s\u00e9rie do Ensino M\u00e9dio Regular e EJA&nbsp;<\/em><\/p>\n\n\n\n<p>Foi publicado no Di\u00e1rio Oficial desta sexta-feira (02\/10) o protocolo sanit\u00e1rio com medidas a serem tomadas pelas unidades escolares para o retorno seguro das atividades presenciais na rede p\u00fablica de ensino. As escolas dever\u00e3o adequar salas de aula e refeit\u00f3rios para promover o distanciamento social e disponibilizar equipamento de prote\u00e7\u00e3o individual (EPIs), como luvas e&nbsp;<em>face shield<\/em>&nbsp;para funcion\u00e1rios, al\u00e9m de m\u00e1scaras para servidores e alunos. Todas as escolas est\u00e3o recebendo um refor\u00e7o nos recursos para a compra dos materiais, al\u00e9m de&nbsp;<em>dispensers<\/em>&nbsp;para \u00e1lcool em gel 70% e tapetes higienizadores.&nbsp;<\/p>\n\n\n\n<p>&#8211; Queremos possibilitar um retorno seguro, que cumpra todos os protocolos em sa\u00fade, para alunos, professores e demais envolvidos neste processo. N\u00e3o h\u00e1 a menor chance de fazermos uma coisa sem que n\u00e3o tenhamos todas as convic\u00e7\u00f5es necess\u00e1rias de garantia de vida e sa\u00fade dos professores e o protocolo sanit\u00e1rio estabelecido nas escolas \u2013 afirmou o secret\u00e1rio de Estado de Educa\u00e7\u00e3o, Comte Bittencourt.&nbsp;&nbsp;<\/p>\n\n\n\n<p>O retorno das aulas presenciais, ainda sem data estabelecida, ser\u00e1 apenas para turmas de 3\u00aa s\u00e9rie do Ensino M\u00e9dio Regular e da Fase IV de Educa\u00e7\u00e3o de Jovens e Adultos (EJA).&nbsp;<\/p>\n\n\n\n<p>&#8211; Temos uma agenda nacional que \u00e9 o Exame Nacional do Ensino M\u00e9dio (Enem), em janeiro de 2021. Por isso, nossa prioridade, nesse momento, s\u00e3o esses jovens que est\u00e3o concluindo os estudos \u2013 destacou Comte, acrescentando que os demais anos e s\u00e9ries de escolaridade (6\u00ba ao 9\u00ba ano do Ensino Fundamental e 1\u00aa e 2\u00aa s\u00e9ries do Ensino M\u00e9dio e fases I, II e III de EJA) ter\u00e3o acesso a outros materiais diversificados de estudos e somente voltar\u00e3o \u00e0s atividades presenciais em 2021.&nbsp;&nbsp;<\/p>\n\n\n\n<p>Uma nova Resolu\u00e7\u00e3o, desta vez focada na sa\u00fade e seguran\u00e7a dos professores e funcion\u00e1rios da rede p\u00fablica, est\u00e1 sendo trabalhada entre as secretarias de Educa\u00e7\u00e3o e Sa\u00fade. A testagem dos servidores far\u00e1 parte deste segundo protocolo.&nbsp;&nbsp;&nbsp;<\/p>\n\n\n\n<p>&#8211; Estamos em um esfor\u00e7o conjunto com a Sa\u00fade para fechar todos os procedimentos necess\u00e1rios para uma retomada segura para todos &#8211; finalizou Comte.&nbsp;&nbsp;<\/p>\n\n\n\n<p>Desde que assumiu a pasta, no dia de 25 de setembro, o secret\u00e1rio de Educa\u00e7\u00e3o tem se articulado com diferentes setores para a constru\u00e7\u00e3o conjunta de protocolos para a retomada segura das aulas presenciais na rede p\u00fablica de ensino.&nbsp;&nbsp;<\/p>\n\n\n\n<p>Logo na primeira semana \u00e0 frente da pasta, Comte se reuniu com representantes do Sindicato Estadual dos Profissionais da Educa\u00e7\u00e3o (Sepe-RJ); visitou o Minist\u00e9rio P\u00fablico (MPRJ); a Defensoria P\u00fablica (DPRJ) e a Secretaria de Estado de Sa\u00fade. Nos encontros, foi apresentado um panorama inicial sobre a rede, desde a interrup\u00e7\u00e3o das aulas presenciais devido \u00e0 pandemia.&nbsp;<\/p>\n\n\n\n<p><strong>ALGUNS PONTOS DO PROTOCOLO DE RETORNO<\/strong>&nbsp;<\/p>\n\n\n\n<ul class=\"wp-block-list\"><li>Salas de aula, refeit\u00f3rios e \u00e1reas de circula\u00e7\u00e3o devem ser adequados para as regras de distanciamento social.&nbsp;<\/li><li>Equipamento de Prote\u00e7\u00e3o individual (EPIs), como luvas e&nbsp;<em>face shield<\/em>, devem ser distribu\u00eddos a funcion\u00e1rios.&nbsp;<\/li><li>M\u00e1scaras faciais devem ser fornecidas a servidores e alunos.&nbsp;<\/li><li>Escolas precisar\u00e3o ter&nbsp;<em>dispensers<\/em>&nbsp;para \u00e1lcool em gel 70% e tapetes higienizadores.&nbsp;<\/li><li>Filtros de ar-condicionado devem estar limpos.&nbsp;<\/li><li>Limpeza em geral com \u00e1gua sanit\u00e1ria.&nbsp;<\/li><li>Bebedouros que permitam contato com a boca ser\u00e3o lacrados.&nbsp;<\/li><\/ul>\n","protected":false},"excerpt":{"rendered":"<p>Reabertura das escolas da rede estadual, em 2020, ser\u00e1 somente para alunos da 3\u00aa s\u00e9rie<\/p>\n","protected":false},"author":2,"featured_media":1857,"comment_status":"open","ping_status":"open","sticky":false,"template":"","format":"standard","meta":{"footnotes":""},"categories":[19],"tags":[],"class_list":["post-1856","post","type-post","status-publish","format-standard","has-post-thumbnail","hentry","category-educacao"],"_links":{"self":[{"href":"https:\/\/tvc16.com\/portal\/wp-json\/wp\/v2\/posts\/1856","targetHints":{"allow":["GET"]}}],"collection":[{"href":"https:\/\/tvc16.com\/portal\/wp-json\/wp\/v2\/posts"}],"about":[{"href":"https:\/\/tvc16.com\/portal\/wp-json\/wp\/v2\/types\/post"}],"author":[{"embeddable":true,"href":"https:\/\/tvc16.com\/portal\/wp-json\/wp\/v2\/users\/2"}],"replies":[{"embeddable":true,"href":"https:\/\/tvc16.com\/portal\/wp-json\/wp\/v2\/comments?post=1856"}],"version-history":[{"count":1,"href":"https:\/\/tvc16.com\/portal\/wp-json\/wp\/v2\/posts\/1856\/revisions"}],"predecessor-version":[{"id":1858,"href":"https:\/\/tvc16.com\/portal\/wp-json\/wp\/v2\/posts\/1856\/revisions\/1858"}],"wp:featuredmedia":[{"embeddable":true,"href":"https:\/\/tvc16.com\/portal\/wp-json\/wp\/v2\/media\/1857"}],"wp:attachment":[{"href":"https:\/\/tvc16.com\/portal\/wp-json\/wp\/v2\/media?parent=1856"}],"wp:term":[{"taxonomy":"category","embeddable":true,"href":"https:\/\/tvc16.com\/portal\/wp-json\/wp\/v2\/categories?post=1856"},{"taxonomy":"post_tag","embeddable":true,"href":"https:\/\/tvc16.com\/portal\/wp-json\/wp\/v2\/tags?post=1856"}],"curies":[{"name":"wp","href":"https:\/\/api.w.org\/{rel}","templated":true}]}}