{"id":1859,"date":"2020-10-03T21:14:42","date_gmt":"2020-10-03T21:14:42","guid":{"rendered":"https:\/\/tvc16.com\/portal\/?p=1859"},"modified":"2020-10-03T21:14:42","modified_gmt":"2020-10-03T21:14:42","slug":"governador-em-exercicio-nomeia-novo-presidente-do-detran-rj","status":"publish","type":"post","link":"https:\/\/tvc16.com\/portal\/2020\/10\/03\/governador-em-exercicio-nomeia-novo-presidente-do-detran-rj\/","title":{"rendered":"Governador em exerc\u00edcio nomeia novo presidente do Detran RJ"},"content":{"rendered":"\n<p><\/p>\n\n\n\n<p><em>A nomea\u00e7\u00e3o de Adolpho Konder sair\u00e1 na pr\u00f3xima segunda-feira<\/em><\/p>\n\n\n\n<p>O governador em exerc\u00edcio Cl\u00e1udio Castro nomear\u00e1, na pr\u00f3xima segunda-feira (05\/10), em publica\u00e7\u00e3o do Di\u00e1rio Oficial, o novo presidente do Detran, o advogado Adolpho Konder Homem de Carvalho, que entra no lugar de Marcello Braga Maia.<\/p>\n\n\n\n<p>&#8211; Sou grato ao trabalho realizado pelo Marcello Braga \u00e0 frente do Detran e desejo sorte na nova empreitada do presidente que ser\u00e1 nomeado \u2013 afirmou o governador em exerc\u00edcio.<\/p>\n\n\n\n<p><strong>Perfil do novo presidente<\/strong><\/p>\n\n\n\n<p>Bacharel em Direito pela PUC-RJ, Adolpho Konder foi secret\u00e1rio Municipal de Cultura da Capital, na atual gest\u00e3o. Entre outros cargos, foi presidente da Empresa Municipal de Multimeios (Multirio), secret\u00e1rio de Desenvolvimento Social de S\u00e3o Gon\u00e7alo e tamb\u00e9m atuou como coordenador de posto do Detran.<\/p>\n","protected":false},"excerpt":{"rendered":"<p>A nomea\u00e7\u00e3o de Adolpho Konder sair\u00e1 na pr\u00f3xima segunda-feira O governador em exerc\u00edcio Cl\u00e1udio Castro<\/p>\n","protected":false},"author":2,"featured_media":1860,"comment_status":"open","ping_status":"open","sticky":false,"template":"","format":"standard","meta":{"footnotes":""},"categories":[15],"tags":[],"class_list":["post-1859","post","type-post","status-publish","format-standard","has-post-thumbnail","hentry","category-politica"],"_links":{"self":[{"href":"https:\/\/tvc16.com\/portal\/wp-json\/wp\/v2\/posts\/1859","targetHints":{"allow":["GET"]}}],"collection":[{"href":"https:\/\/tvc16.com\/portal\/wp-json\/wp\/v2\/posts"}],"about":[{"href":"https:\/\/tvc16.com\/portal\/wp-json\/wp\/v2\/types\/post"}],"author":[{"embeddable":true,"href":"https:\/\/tvc16.com\/portal\/wp-json\/wp\/v2\/users\/2"}],"replies":[{"embeddable":true,"href":"https:\/\/tvc16.com\/portal\/wp-json\/wp\/v2\/comments?post=1859"}],"version-history":[{"count":1,"href":"https:\/\/tvc16.com\/portal\/wp-json\/wp\/v2\/posts\/1859\/revisions"}],"predecessor-version":[{"id":1861,"href":"https:\/\/tvc16.com\/portal\/wp-json\/wp\/v2\/posts\/1859\/revisions\/1861"}],"wp:featuredmedia":[{"embeddable":true,"href":"https:\/\/tvc16.com\/portal\/wp-json\/wp\/v2\/media\/1860"}],"wp:attachment":[{"href":"https:\/\/tvc16.com\/portal\/wp-json\/wp\/v2\/media?parent=1859"}],"wp:term":[{"taxonomy":"category","embeddable":true,"href":"https:\/\/tvc16.com\/portal\/wp-json\/wp\/v2\/categories?post=1859"},{"taxonomy":"post_tag","embeddable":true,"href":"https:\/\/tvc16.com\/portal\/wp-json\/wp\/v2\/tags?post=1859"}],"curies":[{"name":"wp","href":"https:\/\/api.w.org\/{rel}","templated":true}]}}