{"id":1862,"date":"2020-10-03T21:17:29","date_gmt":"2020-10-03T21:17:29","guid":{"rendered":"https:\/\/tvc16.com\/portal\/?p=1862"},"modified":"2020-10-03T21:17:29","modified_gmt":"2020-10-03T21:17:29","slug":"senado-libera-r-20-bi-em-credito-para-empresas-afetadas-pela-pandemia-do-covid-19","status":"publish","type":"post","link":"https:\/\/tvc16.com\/portal\/2020\/10\/03\/senado-libera-r-20-bi-em-credito-para-empresas-afetadas-pela-pandemia-do-covid-19\/","title":{"rendered":"Senado libera R$ 20 bi em cr\u00e9dito para empresas afetadas pela pandemia do Covid-19"},"content":{"rendered":"\n<p><\/p>\n\n\n\n<p>O Senado Federal aprovou, nesta quinta-feira (1), Medida Provis\u00f3ria que libera R$ 20 bilh\u00f5es para socorrer empresas afetadas pela pandemia da Covid-19. V\u00e3o poder ter acesso ao cr\u00e9dito as empresas com receita bruta entre R$ 360 mil e R$ 300 milh\u00f5es.&nbsp;<\/p>\n\n\n\n<p>Al\u00e9m dessas empresas, poder\u00e3o acessar o financiamento com garantia as associa\u00e7\u00f5es, as funda\u00e7\u00f5es de direito privado e as sociedades cooperativas, exceto as de cr\u00e9dito.&nbsp;<\/p>\n\n\n\n<p><strong><a href=\"https:\/\/brasil61.com\/noticias\/governo-federal-libera-r-5-bilhoes-para-financiar-mei-e-micro-e-pequena-empresas-bras202071\">Empresas ter\u00e3o R$ 5 bilh\u00f5es do Programa Emergencial de Acesso ao Cr\u00e9dito<\/a><\/strong><\/p>\n\n\n\n<p><strong><a href=\"https:\/\/brasil61.com\/noticias\/reforma-tributaria-deve-desonerar-investimentos-de-empresas-em-fase-pre-operacional-defendem-parlamentares-pind202196\">Reforma tribut\u00e1ria deve desonerar investimentos de empresas em fase pr\u00e9-operacional, defendem parlamentares<\/a><\/strong><\/p>\n\n\n\n<p>Fonte: <a href=\"https:\/\/brasil61.com\/noticias\/senado-libera-r-20-bi-em-credito-para-empresas-afetadas-pela-pandemia-do-covid-19-bras202080?email=bethdeoliveira@yahoo.com.br&amp;utm_source=newsletter&amp;utm_medium=newsletter&amp;utm_campaign=newsletter\" target=\"_blank\" rel=\"noreferrer noopener\">Brasil 61<\/a><\/p>\n","protected":false},"excerpt":{"rendered":"<p>O Senado Federal aprovou, nesta quinta-feira (1), Medida Provis\u00f3ria que libera R$ 20 bilh\u00f5es para<\/p>\n","protected":false},"author":2,"featured_media":1863,"comment_status":"open","ping_status":"open","sticky":false,"template":"","format":"standard","meta":{"footnotes":""},"categories":[18],"tags":[],"class_list":["post-1862","post","type-post","status-publish","format-standard","has-post-thumbnail","hentry","category-economia"],"_links":{"self":[{"href":"https:\/\/tvc16.com\/portal\/wp-json\/wp\/v2\/posts\/1862","targetHints":{"allow":["GET"]}}],"collection":[{"href":"https:\/\/tvc16.com\/portal\/wp-json\/wp\/v2\/posts"}],"about":[{"href":"https:\/\/tvc16.com\/portal\/wp-json\/wp\/v2\/types\/post"}],"author":[{"embeddable":true,"href":"https:\/\/tvc16.com\/portal\/wp-json\/wp\/v2\/users\/2"}],"replies":[{"embeddable":true,"href":"https:\/\/tvc16.com\/portal\/wp-json\/wp\/v2\/comments?post=1862"}],"version-history":[{"count":1,"href":"https:\/\/tvc16.com\/portal\/wp-json\/wp\/v2\/posts\/1862\/revisions"}],"predecessor-version":[{"id":1864,"href":"https:\/\/tvc16.com\/portal\/wp-json\/wp\/v2\/posts\/1862\/revisions\/1864"}],"wp:featuredmedia":[{"embeddable":true,"href":"https:\/\/tvc16.com\/portal\/wp-json\/wp\/v2\/media\/1863"}],"wp:attachment":[{"href":"https:\/\/tvc16.com\/portal\/wp-json\/wp\/v2\/media?parent=1862"}],"wp:term":[{"taxonomy":"category","embeddable":true,"href":"https:\/\/tvc16.com\/portal\/wp-json\/wp\/v2\/categories?post=1862"},{"taxonomy":"post_tag","embeddable":true,"href":"https:\/\/tvc16.com\/portal\/wp-json\/wp\/v2\/tags?post=1862"}],"curies":[{"name":"wp","href":"https:\/\/api.w.org\/{rel}","templated":true}]}}