{"id":1875,"date":"2020-10-03T21:35:05","date_gmt":"2020-10-03T21:35:05","guid":{"rendered":"https:\/\/tvc16.com\/portal\/?p=1875"},"modified":"2020-10-03T21:35:05","modified_gmt":"2020-10-03T21:35:05","slug":"rj-passa-dos-270-mil-casos-positivos-da-covid-19","status":"publish","type":"post","link":"https:\/\/tvc16.com\/portal\/2020\/10\/03\/rj-passa-dos-270-mil-casos-positivos-da-covid-19\/","title":{"rendered":"RJ passa dos 270 mil casos positivos da Covid-19"},"content":{"rendered":"\n<p><\/p>\n\n\n\n<p>A Secretaria de Estado de Sa\u00fade do Rio de Janeiro informa que registra, at\u00e9 este s\u00e1bado (03\/10), 271.575 casos confirmados e 18.749 \u00f3bitos por coronav\u00edrus (Covid-19) no estado. H\u00e1 ainda 531 \u00f3bitos em investiga\u00e7\u00e3o e 2075 foram descartados. Entre os casos confirmados, 247.541 pacientes se recuperaram da doen\u00e7a.<\/p>\n\n\n\n<p>Os casos confirmados est\u00e3o distribu\u00eddos da seguinte maneira:<\/p>\n\n\n\n<p>Rio de Janeiro &#8211; 106.138<\/p>\n\n\n\n<p>Niter\u00f3i &#8211; 13.536<\/p>\n\n\n\n<p>S\u00e3o Gon\u00e7alo &#8211; 12.497<\/p>\n\n\n\n<p>Belford Roxo &#8211; 9.919<\/p>\n\n\n\n<p>Duque de Caxias &#8211; 9.879<\/p>\n\n\n\n<p>Maca\u00e9 &#8211; 8.341<\/p>\n\n\n\n<p>Volta Redonda &#8211; 6.690<\/p>\n\n\n\n<p>Nova Igua\u00e7u &#8211; 6.670<\/p>\n\n\n\n<p>Campos dos Goytacazes &#8211; 6.228<\/p>\n\n\n\n<p>Teres\u00f3polis &#8211; 6.160<\/p>\n\n\n\n<p>Angra dos Reis &#8211; 5.633<\/p>\n\n\n\n<p>Itabora\u00ed &#8211;&nbsp; 4.637<\/p>\n\n\n\n<p>Mag\u00e9 &#8211; 3.893<\/p>\n\n\n\n<p>Maric\u00e1 &#8211; 3.625<\/p>\n\n\n\n<p>S\u00e3o Jo\u00e3o de Meriti &#8211; 3.467<\/p>\n\n\n\n<p>Nova Friburgo &#8211; 3.255<\/p>\n\n\n\n<p>Barra Mansa &#8211; 3.112<\/p>\n\n\n\n<p>Tr\u00eas Rios &#8211; 2.888<\/p>\n\n\n\n<p>Itaperuna &#8211; 2.865<\/p>\n\n\n\n<p>Cabo Frio &#8211; 2.574<\/p>\n\n\n\n<p>Petr\u00f3polis &#8211; 2.531<\/p>\n\n\n\n<p>Queimados &#8211; 2.474<\/p>\n\n\n\n<p>Itagua\u00ed &#8211; 2.446<\/p>\n\n\n\n<p>Resende &#8211; 2.391<\/p>\n\n\n\n<p>Rio das Ostras &#8211; 2.004<\/p>\n\n\n\n<p>Rio Bonito &#8211; 1.892<\/p>\n\n\n\n<p>Guapimirim &#8211; 1.871<\/p>\n\n\n\n<p>Mesquita &#8211; 1.540<\/p>\n\n\n\n<p>Araruama &#8211; 1.516<\/p>\n\n\n\n<p>Nil\u00f3polis &#8211; 1.387<\/p>\n\n\n\n<p>S\u00e3o Pedro da Aldeia &#8211; 1.291<\/p>\n\n\n\n<p>Santo Ant\u00f4nio de P\u00e1dua &#8211; 1.153<\/p>\n\n\n\n<p>Barra do Pira\u00ed &#8211; 1.141<\/p>\n\n\n\n<p>Saquarema &#8211; 1.128<\/p>\n\n\n\n<p>S\u00e3o Jo\u00e3o da Barra &#8211; 1.071<\/p>\n\n\n\n<p>Para\u00edba do Sul &#8211; 989<\/p>\n\n\n\n<p>Casimiro de Abreu &#8211; 967<\/p>\n\n\n\n<p>Paraty &#8211; 896<\/p>\n\n\n\n<p>Tangu\u00e1 &#8211; 861<\/p>\n\n\n\n<p>Mangaratiba &#8211; 834<\/p>\n\n\n\n<p>Bom Jesus do Itabapoana &#8211; 800<\/p>\n\n\n\n<p>Serop\u00e9dica &#8211; 773<\/p>\n\n\n\n<p>Vassouras &#8211; 766<\/p>\n\n\n\n<p>Paracambi &#8211; 740<\/p>\n\n\n\n<p>Pira\u00ed &#8211; 714<\/p>\n\n\n\n<p>Iguaba Grande &#8211; 704<\/p>\n\n\n\n<p>Concei\u00e7\u00e3o de Macabu &#8211; 695<\/p>\n\n\n\n<p>Valen\u00e7a&nbsp; &#8211; 653<\/p>\n\n\n\n<p>Varre-Sai &#8211; 645<\/p>\n\n\n\n<p>Porci\u00fancula &#8211; 629<\/p>\n\n\n\n<p>Cachoeiras de Macacu &#8211; 608<\/p>\n\n\n\n<p>S\u00e3o Francisco de Itabapoana &#8211; 596<\/p>\n\n\n\n<p>Natividade &#8211; 593<\/p>\n\n\n\n<p>Sapucaia &#8211; 535<\/p>\n\n\n\n<p>Pinheiral &#8211; 508<\/p>\n\n\n\n<p>Arma\u00e7\u00e3o dos B\u00fazios &#8211; 484<\/p>\n\n\n\n<p>Quissam\u00e3 &#8211; 474<\/p>\n\n\n\n<p>S\u00e3o Jos\u00e9 do Vale do Rio Preto &#8211; 474<\/p>\n\n\n\n<p>Japeri &#8211; 468<\/p>\n\n\n\n<p>Miracema &#8211; 467<\/p>\n\n\n\n<p>Porto Real &#8211; 428<\/p>\n\n\n\n<p>Itatiaia &#8211; 383<\/p>\n\n\n\n<p>Cardoso Moreira &#8211; 360<\/p>\n\n\n\n<p>Italva &#8211; 358<\/p>\n\n\n\n<p>Itaocara &#8211; 356<\/p>\n\n\n\n<p>Cordeiro &#8211; 335<\/p>\n\n\n\n<p>Carapebus &#8211; 302<\/p>\n\n\n\n<p>Rio Claro &#8211; 298<\/p>\n\n\n\n<p>Laje do Muria\u00e9 &#8211; 276<\/p>\n\n\n\n<p>Miguel Pereira &#8211; 275<\/p>\n\n\n\n<p>Cantagalo &#8211; 272<\/p>\n\n\n\n<p>S\u00e3o Fid\u00e9lis &#8211; 255<\/p>\n\n\n\n<p>Areal &#8211; 219<\/p>\n\n\n\n<p>Mendes &#8211; 216<\/p>\n\n\n\n<p>Carmo &#8211; 213<\/p>\n\n\n\n<p>Cambuci &#8211; 199<\/p>\n\n\n\n<p>Aperib\u00e9&nbsp; &#8211; 190<\/p>\n\n\n\n<p>Arraial do Cabo &#8211; 187<\/p>\n\n\n\n<p>Bom Jardim &#8211; 184<\/p>\n\n\n\n<p>Paty do Alferes &#8211; 178<\/p>\n\n\n\n<p>Sumidouro &#8211; 172<\/p>\n\n\n\n<p>Engenheiro Paulo de Frontin &#8211; 171<\/p>\n\n\n\n<p>Comendador Levy Gasparian &#8211; 162<\/p>\n\n\n\n<p>Quatis &#8211; 158<\/p>\n\n\n\n<p>Silva Jardim &#8211; 156<\/p>\n\n\n\n<p>S\u00e3o Jos\u00e9 de Ub\u00e1 &#8211; 140<\/p>\n\n\n\n<p>Santa Maria Madalena &#8211; 106<\/p>\n\n\n\n<p>Macuco &#8211; 104<\/p>\n\n\n\n<p>Duas Barras &#8211; 74<\/p>\n\n\n\n<p>Trajano de Moraes &#8211; 62<\/p>\n\n\n\n<p>S\u00e3o Sebasti\u00e3o do Alto &#8211; 47<\/p>\n\n\n\n<p>Rio das Flores &#8211; 23<\/p>\n\n\n\n<p>As 18.749 v\u00edtimas de Covid-19 no estado foram registradas nos seguintes munic\u00edpios:<\/p>\n\n\n\n<p>Rio de Janeiro &#8211; 11.101<\/p>\n\n\n\n<p>Duque de Caxias &#8211; 722<\/p>\n\n\n\n<p>S\u00e3o Gon\u00e7alo &#8211; 722<\/p>\n\n\n\n<p>Nova Igua\u00e7u &#8211; 603<\/p>\n\n\n\n<p>S\u00e3o Jo\u00e3o de Meriti &#8211; 453<\/p>\n\n\n\n<p>Niter\u00f3i &#8211; 444<\/p>\n\n\n\n<p>Campos dos Goytacazes &#8211; 387<\/p>\n\n\n\n<p>Belford Roxo &#8211; 296<\/p>\n\n\n\n<p>Mag\u00e9 &#8211; 229<\/p>\n\n\n\n<p>Itabora\u00ed &#8211; 222<\/p>\n\n\n\n<p>Petr\u00f3polis &#8211; 221<\/p>\n\n\n\n<p>Volta Redonda &#8211; 214<\/p>\n\n\n\n<p>Angra dos Reis &#8211; 190<\/p>\n\n\n\n<p>Nil\u00f3polis &#8211; 189<\/p>\n\n\n\n<p>Mesquita &#8211; 179<\/p>\n\n\n\n<p>Barra Mansa &#8211; 161<\/p>\n\n\n\n<p>Maca\u00e9 &#8211; 152<\/p>\n\n\n\n<p>Teres\u00f3polis &#8211; 148<\/p>\n\n\n\n<p>Cabo Frio &#8211; 147<\/p>\n\n\n\n<p>Nova Friburgo &#8211; 135<\/p>\n\n\n\n<p>Itagua\u00ed &#8211; 125<\/p>\n\n\n\n<p>Maric\u00e1 &#8211; 125<\/p>\n\n\n\n<p>Resende &#8211; 94<\/p>\n\n\n\n<p>Rio das Ostras &#8211; 81<\/p>\n\n\n\n<p>Itaperuna &#8211; 72<\/p>\n\n\n\n<p>Queimados &#8211; 67<\/p>\n\n\n\n<p>Araruama &#8211; 66<\/p>\n\n\n\n<p>Guapimirim &#8211; 65<\/p>\n\n\n\n<p>Saquarema &#8211; 65<\/p>\n\n\n\n<p>Tr\u00eas Rios &#8211; 65<\/p>\n\n\n\n<p>Rio Bonito &#8211; 60<\/p>\n\n\n\n<p>Barra do Pira\u00ed &#8211; 58<\/p>\n\n\n\n<p>Serop\u00e9dica &#8211; 58<\/p>\n\n\n\n<p>S\u00e3o Pedro da Aldeia &#8211; 50<\/p>\n\n\n\n<p>Tangu\u00e1 &#8211; 42<\/p>\n\n\n\n<p>Mangaratiba &#8211; 38<\/p>\n\n\n\n<p>Iguaba Grande &#8211; 35<\/p>\n\n\n\n<p>Paracambi &#8211; 34<\/p>\n\n\n\n<p>Paraty &#8211; 34<\/p>\n\n\n\n<p>Japeri &#8211; 32<\/p>\n\n\n\n<p>Cachoeiras de Macacu &#8211; 31<\/p>\n\n\n\n<p>Sapucaia &#8211; 27<\/p>\n\n\n\n<p>Vassouras &#8211; 26<\/p>\n\n\n\n<p>Itaocara &#8211; 25<\/p>\n\n\n\n<p>Casimiro de Abreu &#8211; 24<\/p>\n\n\n\n<p>Para\u00edba do Sul &#8211; 24<\/p>\n\n\n\n<p>Bom Jesus do Itabapoana &#8211; 23<\/p>\n\n\n\n<p>S\u00e3o Fid\u00e9lis &#8211; 23<\/p>\n\n\n\n<p>S\u00e3o Francisco de Itabapoana &#8211; 22<\/p>\n\n\n\n<p>Porci\u00fancula &#8211; 19<\/p>\n\n\n\n<p>Santo Ant\u00f4nio de P\u00e1dua &#8211; 19<\/p>\n\n\n\n<p>S\u00e3o Jos\u00e9 do Vale do Rio Preto &#8211; 19<\/p>\n\n\n\n<p>Valen\u00e7a &#8211;&nbsp; 18<\/p>\n\n\n\n<p>Porto Real &#8211; 17<\/p>\n\n\n\n<p>Quissam\u00e3 &#8211; 17<\/p>\n\n\n\n<p>Pinheiral &#8211; 16<\/p>\n\n\n\n<p>Concei\u00e7\u00e3o de Macabu &#8211; 15<\/p>\n\n\n\n<p>Rio Claro &#8211; 15<\/p>\n\n\n\n<p>Arma\u00e7\u00e3o dos B\u00fazios &#8211; 14<\/p>\n\n\n\n<p>Miguel Pereira &#8211; 14<\/p>\n\n\n\n<p>Pira\u00ed &#8211; 13<\/p>\n\n\n\n<p>Italva &#8211; 12<\/p>\n\n\n\n<p>Itatiaia &#8211; 12<\/p>\n\n\n\n<p>S\u00e3o Jo\u00e3o da Barra &#8211; 12<\/p>\n\n\n\n<p>Sumidouro &#8211; 12<\/p>\n\n\n\n<p>Silva Jardim &#8211; 9<\/p>\n\n\n\n<p>Areal &#8211; 8<\/p>\n\n\n\n<p>Aperib\u00e9&nbsp; &#8211; 7<\/p>\n\n\n\n<p>Arraial do Cabo &#8211; 6<\/p>\n\n\n\n<p>Cambuci &#8211; 5<\/p>\n\n\n\n<p>Miracema &#8211; 5<\/p>\n\n\n\n<p>Natividade &#8211; 5<\/p>\n\n\n\n<p>Paty do Alferes &#8211; 5<\/p>\n\n\n\n<p>Santa Maria Madalena &#8211; 5<\/p>\n\n\n\n<p>Bom Jardim &#8211; 4<\/p>\n\n\n\n<p>Carapebus &#8211; 4<\/p>\n\n\n\n<p>Carmo &#8211; 4<\/p>\n\n\n\n<p>Rio das Flores &#8211; 4<\/p>\n\n\n\n<p>Comendador Levy Gasparian &#8211; 3<\/p>\n\n\n\n<p>Duas Barras &#8211; 3<\/p>\n\n\n\n<p>Engenheiro Paulo de Frontin &#8211; 3<\/p>\n\n\n\n<p>Macuco &#8211; 3<\/p>\n\n\n\n<p>S\u00e3o Jos\u00e9 de Ub\u00e1 &#8211; 3<\/p>\n\n\n\n<p>Cantagalo &#8211; 2<\/p>\n\n\n\n<p>Cardoso Moreira &#8211; 2<\/p>\n\n\n\n<p>Mendes &#8211; 2<\/p>\n\n\n\n<p>Quatis &#8211; 2<\/p>\n\n\n\n<p>Varre-Sai &#8211; 2<\/p>\n\n\n\n<p>Cordeiro &#8211; 1<\/p>\n\n\n\n<p>Laje do Muria\u00e9 &#8211; 1<\/p>\n\n\n\n<p>S\u00e3o Sebasti\u00e3o do Alto &#8211; 1<\/p>\n","protected":false},"excerpt":{"rendered":"<p>A Secretaria de Estado de Sa\u00fade do Rio de Janeiro informa que registra, at\u00e9 este<\/p>\n","protected":false},"author":2,"featured_media":1876,"comment_status":"open","ping_status":"open","sticky":false,"template":"","format":"standard","meta":{"footnotes":""},"categories":[13],"tags":[],"class_list":["post-1875","post","type-post","status-publish","format-standard","has-post-thumbnail","hentry","category-saude"],"_links":{"self":[{"href":"https:\/\/tvc16.com\/portal\/wp-json\/wp\/v2\/posts\/1875","targetHints":{"allow":["GET"]}}],"collection":[{"href":"https:\/\/tvc16.com\/portal\/wp-json\/wp\/v2\/posts"}],"about":[{"href":"https:\/\/tvc16.com\/portal\/wp-json\/wp\/v2\/types\/post"}],"author":[{"embeddable":true,"href":"https:\/\/tvc16.com\/portal\/wp-json\/wp\/v2\/users\/2"}],"replies":[{"embeddable":true,"href":"https:\/\/tvc16.com\/portal\/wp-json\/wp\/v2\/comments?post=1875"}],"version-history":[{"count":1,"href":"https:\/\/tvc16.com\/portal\/wp-json\/wp\/v2\/posts\/1875\/revisions"}],"predecessor-version":[{"id":1877,"href":"https:\/\/tvc16.com\/portal\/wp-json\/wp\/v2\/posts\/1875\/revisions\/1877"}],"wp:featuredmedia":[{"embeddable":true,"href":"https:\/\/tvc16.com\/portal\/wp-json\/wp\/v2\/media\/1876"}],"wp:attachment":[{"href":"https:\/\/tvc16.com\/portal\/wp-json\/wp\/v2\/media?parent=1875"}],"wp:term":[{"taxonomy":"category","embeddable":true,"href":"https:\/\/tvc16.com\/portal\/wp-json\/wp\/v2\/categories?post=1875"},{"taxonomy":"post_tag","embeddable":true,"href":"https:\/\/tvc16.com\/portal\/wp-json\/wp\/v2\/tags?post=1875"}],"curies":[{"name":"wp","href":"https:\/\/api.w.org\/{rel}","templated":true}]}}