{"id":1884,"date":"2020-10-03T21:50:52","date_gmt":"2020-10-03T21:50:52","guid":{"rendered":"https:\/\/tvc16.com\/portal\/?p=1884"},"modified":"2020-10-03T21:50:52","modified_gmt":"2020-10-03T21:50:52","slug":"tradicional-maratona-do-rio-sera-virtual-este-ano-em-razao-da-covid-19","status":"publish","type":"post","link":"https:\/\/tvc16.com\/portal\/2020\/10\/03\/tradicional-maratona-do-rio-sera-virtual-este-ano-em-razao-da-covid-19\/","title":{"rendered":"Tradicional Maratona do Rio ser\u00e1 virtual este ano em raz\u00e3o da covid-19"},"content":{"rendered":"\n<p>Os amantes de corrida\u00a0ter\u00e3o uma experi\u00eancia diferente na edi\u00e7\u00e3o deste ano da\u00a0tradicional Maratona do Rio, na capital fluminense\u00a0\u00a0Em raz\u00e3o\u00a0da pandemia do novo coronav\u00edrus (covid-19), a 18\u00aa edi\u00e7\u00e3o do evento ocorrer\u00e1 de forma virtual, a partir da pr\u00f3xima sexta-feira (9) at\u00e9 segunda (12). Para participar, os corredores\u00a0ter\u00e3o de baixar no celular o aplicativo\u00a0<em>Running Heroes<\/em>, dispon\u00edvel para\u00a0<em>downloads<\/em>\u00a0nas lojas Apple e PlayStore. Nos \u00faltimos dois anos, a Maratona do Rio reuniu cerca de 40 mil participantes. \u00a0Assim como nas edi\u00e7\u00f5es\u00a0anteriores, tamb\u00e9m neste ano ser\u00e1 poss\u00edvel optar por um de\u00a0quatro percursos:\u00a042 quil\u00f4metros, 21 km, 10 km ou 5 km.\u00a0<img decoding=\"async\" src=\"https:\/\/agenciabrasil.ebc.com.br\/ebc.png?id=1389665&amp;o=node\"><img decoding=\"async\" src=\"https:\/\/agenciabrasil.ebc.com.br\/ebc.gif?id=1389665&amp;o=node\"><\/p>\n\n\n\n<p>Todos os corredores inscritos estar\u00e3o contribuindo para o combate \u00e0 pandemia de covid-19. A cada quilometro percorrido uma quantia em dinheiro ser\u00e1 doada \u00e0 Funda\u00e7\u00e3o Oswaldo Cruz (Fiocurz), no Rio de Janeiro, para viabilizar tratamentos e formas de preven\u00e7\u00e3o \u00e0 doen\u00e7a. As marcas obtidas pelos atletas ficar\u00e3o dispon\u00edveis em tempo real no aplicativo&nbsp;<em>Running Heroes<\/em>,&nbsp;e tamb\u00e9m no&nbsp;<a href=\"https:\/\/maratonadorio.com.br\/\">site da Maratona do Rio<\/a>.&nbsp;&nbsp;A edi\u00e7\u00e3o virtual do evento deste ano n\u00e3o contar\u00e1 com as categorias divididas por faixa et\u00e1ria. O ranking ser\u00e1 geral para todos os participantes.&nbsp; O kit e a medalha do atleta ser\u00e3o enviados aos endere\u00e7os dos inscritos ap\u00f3s a conclus\u00e3o da prova.<\/p>\n\n\n\n<p>Edi\u00e7\u00e3o: Cl\u00e1udia Soares Rodrigues<\/p>\n\n\n\n<p>Publicado em 03\/10\/2020 &#8211; 10:00 Por Juliano Justo &#8211; Rep\u00f3rter da TV Brasil e R\u00e1dio Nacional &#8211; S\u00e3o Paulo<\/p>\n","protected":false},"excerpt":{"rendered":"<p>Os amantes de corrida\u00a0ter\u00e3o uma experi\u00eancia diferente na edi\u00e7\u00e3o deste ano da\u00a0tradicional Maratona do Rio,<\/p>\n","protected":false},"author":2,"featured_media":1885,"comment_status":"open","ping_status":"open","sticky":false,"template":"","format":"standard","meta":{"footnotes":""},"categories":[1],"tags":[],"class_list":["post-1884","post","type-post","status-publish","format-standard","has-post-thumbnail","hentry","category-uncategorized"],"_links":{"self":[{"href":"https:\/\/tvc16.com\/portal\/wp-json\/wp\/v2\/posts\/1884","targetHints":{"allow":["GET"]}}],"collection":[{"href":"https:\/\/tvc16.com\/portal\/wp-json\/wp\/v2\/posts"}],"about":[{"href":"https:\/\/tvc16.com\/portal\/wp-json\/wp\/v2\/types\/post"}],"author":[{"embeddable":true,"href":"https:\/\/tvc16.com\/portal\/wp-json\/wp\/v2\/users\/2"}],"replies":[{"embeddable":true,"href":"https:\/\/tvc16.com\/portal\/wp-json\/wp\/v2\/comments?post=1884"}],"version-history":[{"count":1,"href":"https:\/\/tvc16.com\/portal\/wp-json\/wp\/v2\/posts\/1884\/revisions"}],"predecessor-version":[{"id":1886,"href":"https:\/\/tvc16.com\/portal\/wp-json\/wp\/v2\/posts\/1884\/revisions\/1886"}],"wp:featuredmedia":[{"embeddable":true,"href":"https:\/\/tvc16.com\/portal\/wp-json\/wp\/v2\/media\/1885"}],"wp:attachment":[{"href":"https:\/\/tvc16.com\/portal\/wp-json\/wp\/v2\/media?parent=1884"}],"wp:term":[{"taxonomy":"category","embeddable":true,"href":"https:\/\/tvc16.com\/portal\/wp-json\/wp\/v2\/categories?post=1884"},{"taxonomy":"post_tag","embeddable":true,"href":"https:\/\/tvc16.com\/portal\/wp-json\/wp\/v2\/tags?post=1884"}],"curies":[{"name":"wp","href":"https:\/\/api.w.org\/{rel}","templated":true}]}}