{"id":1887,"date":"2020-10-03T22:07:38","date_gmt":"2020-10-03T22:07:38","guid":{"rendered":"https:\/\/tvc16.com\/portal\/?p=1887"},"modified":"2020-10-03T22:07:38","modified_gmt":"2020-10-03T22:07:38","slug":"chefe-de-gabinete-do-presidente-dos-eua-diz-que-situacao-de-trump-e-preocupante","status":"publish","type":"post","link":"https:\/\/tvc16.com\/portal\/2020\/10\/03\/chefe-de-gabinete-do-presidente-dos-eua-diz-que-situacao-de-trump-e-preocupante\/","title":{"rendered":"Chefe de gabinete, do presidente dos EUA diz que situa\u00e7\u00e3o de Trump \u00e9 preocupante"},"content":{"rendered":"\n<p><\/p>\n\n\n\n<p>Logo ap\u00f3s o m\u00e9dico da Casa Branca&nbsp;<a href=\"https:\/\/www.itatiaia.com.br\/noticia\/medico-diz-que-trump-esta-muito-bem-mas-nao-ha-previsao-de-alta\" target=\"_blank\" rel=\"noreferrer noopener\">afirmar<\/a>&nbsp;que o presidente dos Estados Unidos, Donald Trump, &#8220;est\u00e1 muito bem&#8221;, uma fonte familiarizada com a sa\u00fade do presidente disse a jornalistas que a condi\u00e7\u00e3o de Trump, na verdade, \u00e9 preocupante.<\/p>\n\n\n\n<p>Segundo a fonte, as pr\u00f3ximas 48 horas ser\u00e3o essenciais para definir os rumos do tratamento e ainda n\u00e3o est\u00e1 claro como ser\u00e1 a recupera\u00e7\u00e3o do presidente americano.<\/p>\n\n\n\n<p>De acordo com a TV CNN nos Estados Unidos e o jornal brit\u00e2nico The Guardian, a fonte seria o chefe de gabinete de Trump, Mark Meadows, que foi visto falando com os jornalistas logo ap\u00f3s o fim da entrevista coletiva do m\u00e9dico da Casa Branca.<\/p>\n\n\n\n<p>Segundo o jornal The New York Times, duas pessoas pr\u00f3ximas \u00e0 Presid\u00eancia contaram que Trump teve dificuldades de respirar nesta sexta (2) e que os n\u00edveis de oxig\u00eanio dele ca\u00edram, levando os m\u00e9dicos a usarem oxigena\u00e7\u00e3o na Casa Branca. Logo depois, ele foi transferido para o hospital.<\/p>\n\n\n\n<p><strong>Vers\u00e3o oficial<\/strong><\/p>\n\n\n\n<p>Na coletiva, foi dito que Trump est\u00e1 &#8220;muito bem&#8221;, tem respondido bem ao tratamento, est\u00e1 sem febre e n\u00e3o est\u00e1 precisando de oxig\u00eanio. Nessa sexta-feira (2), o presidente dos Estados Unidos revelou que est\u00e1 com covid-19 e foi encaminhado a um hospital militar. Segundo a Casa Branca, a interna\u00e7\u00e3o foi uma medida de precau\u00e7\u00e3o.<\/p>\n\n\n\n<p>fonte itatiaia.com.br<\/p>\n\n\n\n<p>FOTO: Reuters<\/p>\n","protected":false},"excerpt":{"rendered":"<p>Logo ap\u00f3s o m\u00e9dico da Casa Branca&nbsp;afirmar&nbsp;que o presidente dos Estados Unidos, Donald Trump, &#8220;est\u00e1<\/p>\n","protected":false},"author":2,"featured_media":1888,"comment_status":"open","ping_status":"open","sticky":false,"template":"","format":"standard","meta":{"footnotes":""},"categories":[22],"tags":[],"class_list":["post-1887","post","type-post","status-publish","format-standard","has-post-thumbnail","hentry","category-internacional"],"_links":{"self":[{"href":"https:\/\/tvc16.com\/portal\/wp-json\/wp\/v2\/posts\/1887","targetHints":{"allow":["GET"]}}],"collection":[{"href":"https:\/\/tvc16.com\/portal\/wp-json\/wp\/v2\/posts"}],"about":[{"href":"https:\/\/tvc16.com\/portal\/wp-json\/wp\/v2\/types\/post"}],"author":[{"embeddable":true,"href":"https:\/\/tvc16.com\/portal\/wp-json\/wp\/v2\/users\/2"}],"replies":[{"embeddable":true,"href":"https:\/\/tvc16.com\/portal\/wp-json\/wp\/v2\/comments?post=1887"}],"version-history":[{"count":1,"href":"https:\/\/tvc16.com\/portal\/wp-json\/wp\/v2\/posts\/1887\/revisions"}],"predecessor-version":[{"id":1889,"href":"https:\/\/tvc16.com\/portal\/wp-json\/wp\/v2\/posts\/1887\/revisions\/1889"}],"wp:featuredmedia":[{"embeddable":true,"href":"https:\/\/tvc16.com\/portal\/wp-json\/wp\/v2\/media\/1888"}],"wp:attachment":[{"href":"https:\/\/tvc16.com\/portal\/wp-json\/wp\/v2\/media?parent=1887"}],"wp:term":[{"taxonomy":"category","embeddable":true,"href":"https:\/\/tvc16.com\/portal\/wp-json\/wp\/v2\/categories?post=1887"},{"taxonomy":"post_tag","embeddable":true,"href":"https:\/\/tvc16.com\/portal\/wp-json\/wp\/v2\/tags?post=1887"}],"curies":[{"name":"wp","href":"https:\/\/api.w.org\/{rel}","templated":true}]}}