{"id":1893,"date":"2020-10-04T15:19:19","date_gmt":"2020-10-04T15:19:19","guid":{"rendered":"https:\/\/tvc16.com\/portal\/?p=1893"},"modified":"2020-10-04T15:19:19","modified_gmt":"2020-10-04T15:19:19","slug":"dia-de-sao-francisco-de-assis-tera-missas-e-bencao-dos-animais","status":"publish","type":"post","link":"https:\/\/tvc16.com\/portal\/2020\/10\/04\/dia-de-sao-francisco-de-assis-tera-missas-e-bencao-dos-animais\/","title":{"rendered":"Dia de S\u00e3o Francisco de Assis ter\u00e1 missas e ben\u00e7\u00e3o dos animais"},"content":{"rendered":"\n<p><br>Neste domingo (04) \u00e9 dia de pedir uma ben\u00e7\u00e3o especial para os melhores amigos do homem, os animais. Na data, \u00e9 comemorado o dia de S\u00e3o Francisco de Assis, o padroeiro da ecologia e dos animais. Ao longo do dia ser\u00e3o celebradas quatro missas na Igreja do Sagrado Cora\u00e7\u00e3o de Jesus. J\u00e1 das 8h \u00e0s 12h os animais poder\u00e3o ser aben\u00e7oados.\u00a0<br>Qualquer animal, que seja de estima\u00e7\u00e3o, pode ser levado \u00e0 igreja para receber a ben\u00e7\u00e3o. No p\u00e1tio da par\u00f3quia haver\u00e1 equipes dispon\u00edveis para orienta\u00e7\u00e3o. A festa de S\u00e3o Francisco vai contar com quatro missas, nos hor\u00e1rios das 07h, 10h, 18h e 20h, na igreja do Sagrado Cora\u00e7\u00e3o de Jesus. A celebra\u00e7\u00e3o das 10h ser\u00e1 transmitida na p\u00e1gina do Facebook da igreja.\u00a0<br>Servi\u00e7o:\u00a0<br>Festa de S\u00e3o Francisco\u00a0<br>&#8211; Local: Rua Montecaseros, 95\u00a0&#8211; Hor\u00e1rios: 07h, 10h (transmiss\u00e3o pelo Facebook da igreja), 18h, 20h.<\/p>\n","protected":false},"excerpt":{"rendered":"<p>Neste domingo (04) \u00e9 dia de pedir uma ben\u00e7\u00e3o especial para os melhores amigos do<\/p>\n","protected":false},"author":2,"featured_media":1894,"comment_status":"open","ping_status":"open","sticky":false,"template":"","format":"standard","meta":{"footnotes":""},"categories":[12],"tags":[],"class_list":["post-1893","post","type-post","status-publish","format-standard","has-post-thumbnail","hentry","category-cidade"],"_links":{"self":[{"href":"https:\/\/tvc16.com\/portal\/wp-json\/wp\/v2\/posts\/1893","targetHints":{"allow":["GET"]}}],"collection":[{"href":"https:\/\/tvc16.com\/portal\/wp-json\/wp\/v2\/posts"}],"about":[{"href":"https:\/\/tvc16.com\/portal\/wp-json\/wp\/v2\/types\/post"}],"author":[{"embeddable":true,"href":"https:\/\/tvc16.com\/portal\/wp-json\/wp\/v2\/users\/2"}],"replies":[{"embeddable":true,"href":"https:\/\/tvc16.com\/portal\/wp-json\/wp\/v2\/comments?post=1893"}],"version-history":[{"count":1,"href":"https:\/\/tvc16.com\/portal\/wp-json\/wp\/v2\/posts\/1893\/revisions"}],"predecessor-version":[{"id":1895,"href":"https:\/\/tvc16.com\/portal\/wp-json\/wp\/v2\/posts\/1893\/revisions\/1895"}],"wp:featuredmedia":[{"embeddable":true,"href":"https:\/\/tvc16.com\/portal\/wp-json\/wp\/v2\/media\/1894"}],"wp:attachment":[{"href":"https:\/\/tvc16.com\/portal\/wp-json\/wp\/v2\/media?parent=1893"}],"wp:term":[{"taxonomy":"category","embeddable":true,"href":"https:\/\/tvc16.com\/portal\/wp-json\/wp\/v2\/categories?post=1893"},{"taxonomy":"post_tag","embeddable":true,"href":"https:\/\/tvc16.com\/portal\/wp-json\/wp\/v2\/tags?post=1893"}],"curies":[{"name":"wp","href":"https:\/\/api.w.org\/{rel}","templated":true}]}}