{"id":1896,"date":"2020-10-04T15:22:09","date_gmt":"2020-10-04T15:22:09","guid":{"rendered":"https:\/\/tvc16.com\/portal\/?p=1896"},"modified":"2020-10-04T15:22:09","modified_gmt":"2020-10-04T15:22:09","slug":"estado-do-rio-tem-mais-de-98-da-populacao-em-baixo-risco-no-mapa-de-risco-da-covid-19","status":"publish","type":"post","link":"https:\/\/tvc16.com\/portal\/2020\/10\/04\/estado-do-rio-tem-mais-de-98-da-populacao-em-baixo-risco-no-mapa-de-risco-da-covid-19\/","title":{"rendered":"Estado do Rio tem mais de 98% da popula\u00e7\u00e3o em baixo risco no Mapa de Risco da Covid-19"},"content":{"rendered":"\n<p><\/p>\n\n\n\n<p><em>Apenas uma das nove regi\u00f5es do estado \u00e9 classificada em bandeira laranja<\/em><\/p>\n\n\n\n<p>A Secretaria de Estado de Sa\u00fade divulgou na noite desta sexta-feira (02\/10) a s\u00e9tima edi\u00e7\u00e3o da nota t\u00e9cnica e do painel de indicadores sobre a pandemia de coronav\u00edrus no Estado do Rio de Janeiro. Somente a Regi\u00e3o Centro-Sul, cuja popula\u00e7\u00e3o corresponde a menos de 2% da total do estado, encontra-se em bandeira laranja, que indica risco moderado de contrair a doen\u00e7a. Com baixo risco da doen\u00e7a, classificadas com bandeira amarela, est\u00e3o as regi\u00f5es que concentram mais de 98% da popula\u00e7\u00e3o fluminense: Metropolitanas I e II, Ba\u00eda da Ilha Grande, M\u00e9dio-Para\u00edba, Norte, Baixada Litor\u00e2nea, Noroeste e Serrana.<\/p>\n\n\n\n<p>O Estado do Rio de Janeiro teve, como um todo, diminui\u00e7\u00e3o de 18% no n\u00famero de \u00f3bitos e queda de 15% no n\u00famero de casos, indicadores que, associados \u00e0 taxa de ocupa\u00e7\u00e3o dos leitos, mant\u00e9m a classifica\u00e7\u00e3o do estado na bandeira amarela, de risco baixo.&nbsp;&nbsp;&nbsp;<\/p>\n\n\n\n<p>Na Regi\u00e3o Centro-Sul, embora tenha havido a queda de 16,22% no n\u00famero de casos, houve aumento de 12,5% no total de \u00f3bitos, o que levou \u00e0 mudan\u00e7a de bandeira. Nela est\u00e3o onze munic\u00edpios: Areal, Comendador Levy Gasparian, Engenheiro Paulo de Frontin, Mendes, Miguel Pereira, Paracambi, Para\u00edba do Sul, Paty do Alferes, Sapucaia, Tr\u00eas Rios e Vassouras.<\/p>\n\n\n\n<p>Divulgada em 17 de setembro, a atualiza\u00e7\u00e3o anterior do Mapa de Risco apontava que 94% da popula\u00e7\u00e3o estava em \u00e1reas de baixo risco, e s\u00f3 a Regi\u00e3o Norte, que concentra 5,5% da popula\u00e7\u00e3o fluminense, com risco moderado, em bandeira laranja. Apesar do aumento de 10,94% no n\u00famero de casos, o Norte teve queda de 5,56% no n\u00famero de \u00f3bitos, o que a passou para a bandeira amarela.&nbsp;&nbsp;<\/p>\n\n\n\n<p>A Regi\u00e3o Ba\u00eda de Ilha Grande manteve-se em bandeira amarela porque, mesmo com aumento de 20% no n\u00famero de \u00f3bitos, teve queda de 35,48% no n\u00famero de casos.<\/p>\n\n\n\n<p>&#8211; Na compara\u00e7\u00e3o entre as Semanas Epidemiol\u00f3gicas 38 e 36, a Regi\u00e3o Centro-Sul Fluminense retrocedeu ao risco moderado, que j\u00e1 tinha sido evidenciado na quarta publica\u00e7\u00e3o do Mapa de Risco. A classifica\u00e7\u00e3o de risco nessa regi\u00e3o foi impactada pela varia\u00e7\u00e3o positiva do n\u00famero de \u00f3bitos por S\u00edndrome Respirat\u00f3ria Aguda Grave (SRAG) nos munic\u00edpios de Sapucaia e Paracambi. J\u00e1 a Regi\u00e3o Norte avan\u00e7ou para a bandeira amarela. Esses resultados refletem a redu\u00e7\u00e3o de \u00f3bitos por SRAG em rela\u00e7\u00e3o \u00e0s semanas epidemiol\u00f3gicas anteriores, com consequente redu\u00e7\u00e3o nas taxas de ocupa\u00e7\u00e3o de leitos destinados \u00e0 Covid-19 &#8211; explica a subsecret\u00e1ria extraordin\u00e1ria de Covid, Fl\u00e1via Barbosa.<\/p>\n","protected":false},"excerpt":{"rendered":"<p>Apenas uma das nove regi\u00f5es do estado \u00e9 classificada em bandeira laranja A Secretaria de<\/p>\n","protected":false},"author":2,"featured_media":1897,"comment_status":"open","ping_status":"open","sticky":false,"template":"","format":"standard","meta":{"footnotes":""},"categories":[13],"tags":[],"class_list":["post-1896","post","type-post","status-publish","format-standard","has-post-thumbnail","hentry","category-saude"],"_links":{"self":[{"href":"https:\/\/tvc16.com\/portal\/wp-json\/wp\/v2\/posts\/1896","targetHints":{"allow":["GET"]}}],"collection":[{"href":"https:\/\/tvc16.com\/portal\/wp-json\/wp\/v2\/posts"}],"about":[{"href":"https:\/\/tvc16.com\/portal\/wp-json\/wp\/v2\/types\/post"}],"author":[{"embeddable":true,"href":"https:\/\/tvc16.com\/portal\/wp-json\/wp\/v2\/users\/2"}],"replies":[{"embeddable":true,"href":"https:\/\/tvc16.com\/portal\/wp-json\/wp\/v2\/comments?post=1896"}],"version-history":[{"count":1,"href":"https:\/\/tvc16.com\/portal\/wp-json\/wp\/v2\/posts\/1896\/revisions"}],"predecessor-version":[{"id":1898,"href":"https:\/\/tvc16.com\/portal\/wp-json\/wp\/v2\/posts\/1896\/revisions\/1898"}],"wp:featuredmedia":[{"embeddable":true,"href":"https:\/\/tvc16.com\/portal\/wp-json\/wp\/v2\/media\/1897"}],"wp:attachment":[{"href":"https:\/\/tvc16.com\/portal\/wp-json\/wp\/v2\/media?parent=1896"}],"wp:term":[{"taxonomy":"category","embeddable":true,"href":"https:\/\/tvc16.com\/portal\/wp-json\/wp\/v2\/categories?post=1896"},{"taxonomy":"post_tag","embeddable":true,"href":"https:\/\/tvc16.com\/portal\/wp-json\/wp\/v2\/tags?post=1896"}],"curies":[{"name":"wp","href":"https:\/\/api.w.org\/{rel}","templated":true}]}}