{"id":1902,"date":"2020-10-04T15:34:11","date_gmt":"2020-10-04T15:34:11","guid":{"rendered":"https:\/\/tvc16.com\/portal\/?p=1902"},"modified":"2020-10-04T15:34:11","modified_gmt":"2020-10-04T15:34:11","slug":"maioria-das-universidades-federais-retoma-aulas-remotas-apos-suspensao","status":"publish","type":"post","link":"https:\/\/tvc16.com\/portal\/2020\/10\/04\/maioria-das-universidades-federais-retoma-aulas-remotas-apos-suspensao\/","title":{"rendered":"Maioria das universidades federais retoma aulas remotas ap\u00f3s suspens\u00e3o"},"content":{"rendered":"\n<p>Ap\u00f3s um per\u00edodo com a maior parte das aulas suspensas por conta da pandemia do novo coronav\u00edrus, a maioria das universidades federais chega a outubro oferecendo aulas remotas na gradua\u00e7\u00e3o. De acordo com o portal Coronav\u00edrus &#8211; Monitoramento das Institui\u00e7\u00f5es de Ensino, criado pelo Minist\u00e9rio da Educa\u00e7\u00e3o (MEC), 66 das 69 universidades federais brasileiras est\u00e3o oferecendo aulas a dist\u00e2ncia para os estudantes. Outras duas est\u00e3o funcionando parcialmente.&nbsp;<img decoding=\"async\" src=\"https:\/\/agenciabrasil.ebc.com.br\/ebc.png?id=1389731&amp;o=node\"><img decoding=\"async\" src=\"https:\/\/agenciabrasil.ebc.com.br\/ebc.gif?id=1389731&amp;o=node\"><\/p>\n\n\n\n<p>\u201cTemos universidades que est\u00e3o com calend\u00e1rios absolutamente distintos umas das outras. Temos unidades que conseguiram superar seus problemas de calend\u00e1rio e v\u00e3o conseguir iniciar 2021 naquilo que seria o per\u00edodo normal, no in\u00edcio do pr\u00f3ximo ano. Temos universidades que v\u00e3o precisar de um per\u00edodo maior para regularizar a situa\u00e7\u00e3o\u201d, disse o vice-presidente da Associa\u00e7\u00e3o Nacional dos Dirigentes das Institui\u00e7\u00f5es Federais de Ensino Superior (Andifes), Marcus Vinicius David, reitor da Universidade Federal de Juiz de Fora, em&nbsp;<a href=\"https:\/\/www.youtube.com\/watch?v=cYykAL-W1e4&amp;feature=youtu.be\" target=\"_blank\" rel=\"noreferrer noopener\">semin\u00e1rio online para discutir os desafios da educa\u00e7\u00e3o p\u00fablica na pandemia<\/a>.<\/p>\n\n\n\n<p>As universidades federais s\u00e3o vinculadas ao Minist\u00e9rio da Educa\u00e7\u00e3o (MEC), mas t\u00eam autonomia para avaliar, entre outras quest\u00f5es, as melhores decis\u00f5es de acordo com o local onde est\u00e3o inseridas.&nbsp;<\/p>\n\n\n\n<p>A Universidade de Bras\u00edlia (UnB), por exemplo, retomou as atividades de ensino do primeiro semestre de 2020 apenas no segundo semestre deste ano, no dia 17 de agosto, de forma n\u00e3o presencial. O semestre deve seguir at\u00e9 o dia 18 de dezembro. N\u00e3o h\u00e1, na institui\u00e7\u00e3o, previs\u00e3o de retomada das atividades presenciais.&nbsp;<\/p>\n\n\n\n<p>\u201cA decis\u00e3o, quando houver, vai considerar o cen\u00e1rio da pandemia no Distrito Federal e no Brasil. No momento, a prioridade \u00e9 manter o isolamento social e, assim, salvar vidas. O semestre 1\/2020 [primeiro semestre de 2021] \u00e9 at\u00edpico, com as adapta\u00e7\u00f5es exigidas pelo momento, mas igualmente v\u00e1lido\u201d, informou a universidade, em nota.&nbsp;<\/p>\n\n\n\n<p>A Universidade Federal do Rio de Janeiro (UFRJ) tamb\u00e9m optou pelas aulas remotas. Antes de inici\u00e1-las, anunciou, em junho, o programa Aux\u00edlio Inclus\u00e3o Digital. A inten\u00e7\u00e3o era ofertar at\u00e9 13 mil kits de internet, que inclu\u00edam chip ou chip mais modem, em ambos os casos com franquia de internet m\u00f3vel a estudantes em situa\u00e7\u00e3o de vulnerabilidade socioecon\u00f4mica. As aulas remotas dever\u00e3o seguir at\u00e9 o final do ano. De acordo com a&nbsp; institui\u00e7\u00e3o, as aulas presenciais ser\u00e3o retomadas apenas quando houver vacina para o novo coronav\u00edrus (covid-19).&nbsp;<\/p>\n\n\n\n<p>De acordo com a plataforma do MEC, h\u00e1 previs\u00f5es para o encerramento do ano letivo de 2020 nas institui\u00e7\u00f5es at\u00e9 maio de 2021.\u00a0<a rel=\"noreferrer noopener\" href=\"http:\/\/portal.mec.gov.br\/coronavirus\/\" target=\"_blank\">A plataforma<\/a>, que pode ser acessada pela internet, \u00e9 atualizada, segundo o MEC, pelas pr\u00f3prias institui\u00e7\u00f5es.<\/p>\n\n\n\n<p>Publicado em 04\/10\/2020 &#8211; 09:24 Por Mariana Tokarnia &#8211; Rep\u00f3rter da Ag\u00eancia Brasil &#8211; Rio de Janeiro<\/p>\n","protected":false},"excerpt":{"rendered":"<p>Ap\u00f3s um per\u00edodo com a maior parte das aulas suspensas por conta da pandemia do<\/p>\n","protected":false},"author":2,"featured_media":1903,"comment_status":"open","ping_status":"open","sticky":false,"template":"","format":"standard","meta":{"footnotes":""},"categories":[19],"tags":[],"class_list":["post-1902","post","type-post","status-publish","format-standard","has-post-thumbnail","hentry","category-educacao"],"_links":{"self":[{"href":"https:\/\/tvc16.com\/portal\/wp-json\/wp\/v2\/posts\/1902","targetHints":{"allow":["GET"]}}],"collection":[{"href":"https:\/\/tvc16.com\/portal\/wp-json\/wp\/v2\/posts"}],"about":[{"href":"https:\/\/tvc16.com\/portal\/wp-json\/wp\/v2\/types\/post"}],"author":[{"embeddable":true,"href":"https:\/\/tvc16.com\/portal\/wp-json\/wp\/v2\/users\/2"}],"replies":[{"embeddable":true,"href":"https:\/\/tvc16.com\/portal\/wp-json\/wp\/v2\/comments?post=1902"}],"version-history":[{"count":1,"href":"https:\/\/tvc16.com\/portal\/wp-json\/wp\/v2\/posts\/1902\/revisions"}],"predecessor-version":[{"id":1904,"href":"https:\/\/tvc16.com\/portal\/wp-json\/wp\/v2\/posts\/1902\/revisions\/1904"}],"wp:featuredmedia":[{"embeddable":true,"href":"https:\/\/tvc16.com\/portal\/wp-json\/wp\/v2\/media\/1903"}],"wp:attachment":[{"href":"https:\/\/tvc16.com\/portal\/wp-json\/wp\/v2\/media?parent=1902"}],"wp:term":[{"taxonomy":"category","embeddable":true,"href":"https:\/\/tvc16.com\/portal\/wp-json\/wp\/v2\/categories?post=1902"},{"taxonomy":"post_tag","embeddable":true,"href":"https:\/\/tvc16.com\/portal\/wp-json\/wp\/v2\/tags?post=1902"}],"curies":[{"name":"wp","href":"https:\/\/api.w.org\/{rel}","templated":true}]}}