{"id":1908,"date":"2020-10-04T15:57:01","date_gmt":"2020-10-04T15:57:01","guid":{"rendered":"https:\/\/tvc16.com\/portal\/?p=1908"},"modified":"2020-10-04T15:57:01","modified_gmt":"2020-10-04T15:57:01","slug":"rj-estudantes-terao-plataforma-online-de-conteudos-pedagogicos","status":"publish","type":"post","link":"https:\/\/tvc16.com\/portal\/2020\/10\/04\/rj-estudantes-terao-plataforma-online-de-conteudos-pedagogicos\/","title":{"rendered":"RJ: Estudantes ter\u00e3o plataforma online de conte\u00fados pedag\u00f3gicos"},"content":{"rendered":"\n<p>Estudantes da rede p\u00fablica do Rio de Janeiro ter\u00e3o acesso a plataforma online de conte\u00fados curriculares do ano letivo. O programa Portal do Conhecimento ficar\u00e1 dispon\u00edvel para consultas dos alunos regularmente matriculados na rede de ensino estadual.<\/p>\n\n\n\n<p><strong><a href=\"https:\/\/brasil61.com\/noticias\/ministro-da-educacao-expoe-ao-congresso-estrategias-de-retorno-as-aulas-presenciais-bras201897\">Ministro da Educa\u00e7\u00e3o exp\u00f5e ao Congresso estrat\u00e9gias de retorno \u00e0s aulas presenciais<\/a><\/strong><\/p>\n\n\n\n<p><strong><a href=\"https:\/\/brasil61.com\/noticias\/projeto-destina-recursos-para-equipamentos-de-informatica-e-acesso-a-internet-para-alunos-da-rede-publica-de-ensino-bras201820\">Projeto destina recursos para equipamentos de inform\u00e1tica e acesso \u00e0 internet para alunos da rede p\u00fablica de ensino<\/a><\/strong><\/p>\n\n\n\n<p>O recurso tecnol\u00f3gico ser\u00e1 usado de forma estrat\u00e9gica pelas escolas e de complemento. Ele n\u00e3o substituir\u00e1 a frequ\u00eancia nas aulas presenciais regulares. &nbsp;<\/p>\n\n\n\n<p>A ferramenta ter\u00e1 conte\u00fados interdisciplinares, e as melhores aulas publicadas no portal ser\u00e3o reunidas em edi\u00e7\u00e3o especial e&nbsp;encaminhadas \u00e0s escolas como material did\u00e1tico-pedag\u00f3gico.<\/p>\n\n\n\n<p>Fonte: <a href=\"https:\/\/brasil61.com\/noticias\/rj-estudantes-terao-plataforma-online-de-conteudos-pedagogicos-bras202088?email=bethdeoliveira@yahoo.com.br&amp;utm_source=newsletter&amp;utm_medium=newsletter&amp;utm_campaign=newsletter\" target=\"_blank\" rel=\"noreferrer noopener\">Brasil 61<\/a><\/p>\n","protected":false},"excerpt":{"rendered":"<p>Estudantes da rede p\u00fablica do Rio de Janeiro ter\u00e3o acesso a plataforma online de conte\u00fados<\/p>\n","protected":false},"author":2,"featured_media":1909,"comment_status":"open","ping_status":"open","sticky":false,"template":"","format":"standard","meta":{"footnotes":""},"categories":[19],"tags":[],"class_list":["post-1908","post","type-post","status-publish","format-standard","has-post-thumbnail","hentry","category-educacao"],"_links":{"self":[{"href":"https:\/\/tvc16.com\/portal\/wp-json\/wp\/v2\/posts\/1908","targetHints":{"allow":["GET"]}}],"collection":[{"href":"https:\/\/tvc16.com\/portal\/wp-json\/wp\/v2\/posts"}],"about":[{"href":"https:\/\/tvc16.com\/portal\/wp-json\/wp\/v2\/types\/post"}],"author":[{"embeddable":true,"href":"https:\/\/tvc16.com\/portal\/wp-json\/wp\/v2\/users\/2"}],"replies":[{"embeddable":true,"href":"https:\/\/tvc16.com\/portal\/wp-json\/wp\/v2\/comments?post=1908"}],"version-history":[{"count":1,"href":"https:\/\/tvc16.com\/portal\/wp-json\/wp\/v2\/posts\/1908\/revisions"}],"predecessor-version":[{"id":1910,"href":"https:\/\/tvc16.com\/portal\/wp-json\/wp\/v2\/posts\/1908\/revisions\/1910"}],"wp:featuredmedia":[{"embeddable":true,"href":"https:\/\/tvc16.com\/portal\/wp-json\/wp\/v2\/media\/1909"}],"wp:attachment":[{"href":"https:\/\/tvc16.com\/portal\/wp-json\/wp\/v2\/media?parent=1908"}],"wp:term":[{"taxonomy":"category","embeddable":true,"href":"https:\/\/tvc16.com\/portal\/wp-json\/wp\/v2\/categories?post=1908"},{"taxonomy":"post_tag","embeddable":true,"href":"https:\/\/tvc16.com\/portal\/wp-json\/wp\/v2\/tags?post=1908"}],"curies":[{"name":"wp","href":"https:\/\/api.w.org\/{rel}","templated":true}]}}