{"id":1911,"date":"2020-10-04T16:04:55","date_gmt":"2020-10-04T16:04:55","guid":{"rendered":"https:\/\/tvc16.com\/portal\/?p=1911"},"modified":"2020-10-04T16:04:55","modified_gmt":"2020-10-04T16:04:55","slug":"presidente-dos-eua-donald-trump-pode-ter-alta-nesta-segunda-feira","status":"publish","type":"post","link":"https:\/\/tvc16.com\/portal\/2020\/10\/04\/presidente-dos-eua-donald-trump-pode-ter-alta-nesta-segunda-feira\/","title":{"rendered":"Presidente dos EUA, Donald Trump, pode ter alta nesta segunda-feira"},"content":{"rendered":"\n<p><\/p>\n\n\n\n<p>Os m\u00e9dicos respons\u00e1veis pelo monitoramento da sa\u00fade do presidente americano, Donald Trump, neste momento em que se encontra internado por conta da infec\u00e7\u00e3o pelo coronav\u00edrus, deram agora pouco, 12h51, (hor\u00e1rio de Bras\u00edlia ) uma entrevista coletiva para divulgar as \u00faltimas informa\u00e7\u00f5es sobre o estado de sa\u00fade do presidente americano. Segundo o \u00faltimo boletim, Trump passa bem e deve receber alta ainda nesta segunda-feira.<\/p>\n\n\n\n<p>A equipe  m\u00e9dica que acompanha o presidente deste a \u00faltima sexta-feira (2), disse que ele n\u00e3o apresentou mais falta de ar nem febre. Um dos m\u00e9dicos ressaltou que Trump apresentou um pouco de fadiga, mas continua caminhando pelo quarto. Outro m\u00e9dico disse que o presidente &#8220;continua melhorando&#8221;.<\/p>\n\n\n\n<p>Segundo Sean Conley, m\u00e9dico de Trump, ele teve duas quedas de satura\u00e7\u00e3o de oxig\u00eanio antes. A satura\u00e7\u00e3o foi controlada depois de cerca de uma hora. &#8220;Queremos dar alta o quanto antes for poss\u00edvel&#8221;, afirmou o m\u00e9dico.<\/p>\n\n\n\n<p>Da Reda\u00e7\u00e3o TVC<\/p>\n\n\n\n<p>Fonte; CNN Brasil, via transmiss\u00e3o ao vivo.<\/p>\n","protected":false},"excerpt":{"rendered":"<p>Os m\u00e9dicos respons\u00e1veis pelo monitoramento da sa\u00fade do presidente americano, Donald Trump, neste momento em<\/p>\n","protected":false},"author":2,"featured_media":1912,"comment_status":"open","ping_status":"open","sticky":false,"template":"","format":"standard","meta":{"footnotes":""},"categories":[22],"tags":[],"class_list":["post-1911","post","type-post","status-publish","format-standard","has-post-thumbnail","hentry","category-internacional"],"_links":{"self":[{"href":"https:\/\/tvc16.com\/portal\/wp-json\/wp\/v2\/posts\/1911","targetHints":{"allow":["GET"]}}],"collection":[{"href":"https:\/\/tvc16.com\/portal\/wp-json\/wp\/v2\/posts"}],"about":[{"href":"https:\/\/tvc16.com\/portal\/wp-json\/wp\/v2\/types\/post"}],"author":[{"embeddable":true,"href":"https:\/\/tvc16.com\/portal\/wp-json\/wp\/v2\/users\/2"}],"replies":[{"embeddable":true,"href":"https:\/\/tvc16.com\/portal\/wp-json\/wp\/v2\/comments?post=1911"}],"version-history":[{"count":1,"href":"https:\/\/tvc16.com\/portal\/wp-json\/wp\/v2\/posts\/1911\/revisions"}],"predecessor-version":[{"id":1913,"href":"https:\/\/tvc16.com\/portal\/wp-json\/wp\/v2\/posts\/1911\/revisions\/1913"}],"wp:featuredmedia":[{"embeddable":true,"href":"https:\/\/tvc16.com\/portal\/wp-json\/wp\/v2\/media\/1912"}],"wp:attachment":[{"href":"https:\/\/tvc16.com\/portal\/wp-json\/wp\/v2\/media?parent=1911"}],"wp:term":[{"taxonomy":"category","embeddable":true,"href":"https:\/\/tvc16.com\/portal\/wp-json\/wp\/v2\/categories?post=1911"},{"taxonomy":"post_tag","embeddable":true,"href":"https:\/\/tvc16.com\/portal\/wp-json\/wp\/v2\/tags?post=1911"}],"curies":[{"name":"wp","href":"https:\/\/api.w.org\/{rel}","templated":true}]}}