{"id":1920,"date":"2020-10-04T16:20:32","date_gmt":"2020-10-04T16:20:32","guid":{"rendered":"https:\/\/tvc16.com\/portal\/?p=1920"},"modified":"2020-10-04T16:20:32","modified_gmt":"2020-10-04T16:20:32","slug":"zuza-homem-de-mello-morre-aos-87-anos-em-sao-paulo","status":"publish","type":"post","link":"https:\/\/tvc16.com\/portal\/2020\/10\/04\/zuza-homem-de-mello-morre-aos-87-anos-em-sao-paulo\/","title":{"rendered":"Zuza Homem de Mello morre aos 87 anos, em S\u00e3o Paulo"},"content":{"rendered":"\n<p>Morreu neste domingo (4), aos 87 anos, o jornalista, escritor e pesquisador de m\u00fasica Zuza Homem de Mello. A fam\u00edlia informou que ele faleceu dormindo, de infarto.&nbsp;<\/p>\n\n\n\n<p>&#8220;Com enorme dor no cora\u00e7\u00e3o comunico que perdemos nosso querido Zuza. Ele morreu dormindo, de infarto, ap\u00f3s termos brindado na noite de ontem todos os projetos bem sucedidos&#8221;, disse em nota a fam\u00edlia do jornalista, assinada pela esposa Ercilia Lobo, filhos e netos.\u00a0<\/p>\n\n\n\n<p>Fabr\u00edcio Juli\u00e3o, da CNN, em S\u00e3o Paulo*04 de outubro de 2020 \u00e0s 11:05\u00a0| Atualizado 04 de outubro de 2020 \u00e0s 11:15<\/p>\n","protected":false},"excerpt":{"rendered":"<p>Morreu neste domingo (4), aos 87 anos, o jornalista, escritor e pesquisador de m\u00fasica Zuza<\/p>\n","protected":false},"author":2,"featured_media":1921,"comment_status":"open","ping_status":"open","sticky":false,"template":"","format":"standard","meta":{"footnotes":""},"categories":[14],"tags":[],"class_list":["post-1920","post","type-post","status-publish","format-standard","has-post-thumbnail","hentry","category-pais"],"_links":{"self":[{"href":"https:\/\/tvc16.com\/portal\/wp-json\/wp\/v2\/posts\/1920","targetHints":{"allow":["GET"]}}],"collection":[{"href":"https:\/\/tvc16.com\/portal\/wp-json\/wp\/v2\/posts"}],"about":[{"href":"https:\/\/tvc16.com\/portal\/wp-json\/wp\/v2\/types\/post"}],"author":[{"embeddable":true,"href":"https:\/\/tvc16.com\/portal\/wp-json\/wp\/v2\/users\/2"}],"replies":[{"embeddable":true,"href":"https:\/\/tvc16.com\/portal\/wp-json\/wp\/v2\/comments?post=1920"}],"version-history":[{"count":1,"href":"https:\/\/tvc16.com\/portal\/wp-json\/wp\/v2\/posts\/1920\/revisions"}],"predecessor-version":[{"id":1922,"href":"https:\/\/tvc16.com\/portal\/wp-json\/wp\/v2\/posts\/1920\/revisions\/1922"}],"wp:featuredmedia":[{"embeddable":true,"href":"https:\/\/tvc16.com\/portal\/wp-json\/wp\/v2\/media\/1921"}],"wp:attachment":[{"href":"https:\/\/tvc16.com\/portal\/wp-json\/wp\/v2\/media?parent=1920"}],"wp:term":[{"taxonomy":"category","embeddable":true,"href":"https:\/\/tvc16.com\/portal\/wp-json\/wp\/v2\/categories?post=1920"},{"taxonomy":"post_tag","embeddable":true,"href":"https:\/\/tvc16.com\/portal\/wp-json\/wp\/v2\/tags?post=1920"}],"curies":[{"name":"wp","href":"https:\/\/api.w.org\/{rel}","templated":true}]}}