{"id":19218,"date":"2021-08-12T11:16:42","date_gmt":"2021-08-12T14:16:42","guid":{"rendered":"https:\/\/tvc16.com\/portal\/?p=19218"},"modified":"2021-08-12T11:16:45","modified_gmt":"2021-08-12T14:16:45","slug":"idosos-no-chile-comecam-a-tomar-terceira-dose-da-coronavac","status":"publish","type":"post","link":"https:\/\/tvc16.com\/portal\/2021\/08\/12\/idosos-no-chile-comecam-a-tomar-terceira-dose-da-coronavac\/","title":{"rendered":"Idosos no Chile come\u00e7am a tomar terceira dose da CoronaVac"},"content":{"rendered":"\n<h3 class=\"wp-block-heading\">Pa\u00eds teve uma das campanhas de vacina\u00e7\u00e3o mais r\u00e1pidas do mundo<\/h3>\n\n\n\n<h4 class=\"wp-block-heading\">08:17 Por Reuters* &#8211; Santiago<\/h4>\n\n\n\n<p>O Chile come\u00e7ou, nessa&nbsp;quarta-feira (11), a administrar vacinas de refor\u00e7o contra a covid-19 \u00e0queles j\u00e1 imunizados com a CoronaVac, em uma tentativa de garantir o sucesso de uma das campanhas de vacina\u00e7\u00e3o em massa mais r\u00e1pidas do mundo.<img decoding=\"async\" src=\"https:\/\/agenciabrasil.ebc.com.br\/ebc.png?id=1418216&amp;o=node\"><img decoding=\"async\" src=\"https:\/\/agenciabrasil.ebc.com.br\/ebc.gif?id=1418216&amp;o=node\"><\/p>\n\n\n\n<p>O pa\u00eds sul-americano est\u00e1 oferecendo uma dose da AstraZeneca para cidad\u00e3os com 86 anos ou mais que tomaram as primeiras vacinas antes de&nbsp;31 de mar\u00e7o.<\/p>\n\n\n\n<p>Filas de cidad\u00e3os idosos, ansiosos para a aplica\u00e7\u00e3o das vacinas, come\u00e7aram a se formar nos centros de imuniza\u00e7\u00e3o de bairros da capital, Santiago, em uma fria manh\u00e3 de inverno.<\/p>\n\n\n\n<p>\u201cEles chegaram muito cedo, como em um dia de elei\u00e7\u00e3o, muito bem vestidos, muito felizes\u201d, disse Rodolfo Carter, prefeito da comuna de La Florida, nos arredores da cidade. &#8220;Acho que \u00e9 um grande sinal de esperan\u00e7a.&#8221;<\/p>\n\n\n\n<p>A forte campanha do Chile teve mais de 67% de sua popula\u00e7\u00e3o totalmente vacinada, predominantemente com a CoronaVac, da fabricante chinesa Sinovac. Mas as autoridades disseram, na semana passada, que estudos mostraram que uma dose de refor\u00e7o era necess\u00e1ria para aumentar a imunidade.<\/p>\n\n\n\n<p>&#8220;Estudos t\u00eam mostrado que em aproximadamente seis meses h\u00e1 uma diminui\u00e7\u00e3o (de anticorpos) e \u00e9 por isso que decidimos dar essa dose de refor\u00e7o&#8221;, disse o ministro da Sa\u00fade, Enrique Paris, a rep\u00f3rteres.<\/p>\n\n\n\n<p>O Chile se junta aos Estados Unidos, \u00e0 Alemanha, Fran\u00e7a e a Israel ao administrar as doses de refor\u00e7o, apesar do apelo da Organiza\u00e7\u00e3o Mundial da Sa\u00fade para esperar at\u00e9 que mais pessoas no mundo possam receber a primeira dose.<\/p>\n\n\n\n<p><em>* Reportagem adicional de Aislinn Laing<\/em><\/p>\n","protected":false},"excerpt":{"rendered":"<p>Pa\u00eds teve uma das campanhas de vacina\u00e7\u00e3o mais r\u00e1pidas do mundo 08:17 Por Reuters* &#8211;<\/p>\n","protected":false},"author":2,"featured_media":19219,"comment_status":"open","ping_status":"open","sticky":false,"template":"","format":"standard","meta":{"footnotes":""},"categories":[17],"tags":[],"class_list":["post-19218","post","type-post","status-publish","format-standard","has-post-thumbnail","hentry","category-outras-noticias"],"_links":{"self":[{"href":"https:\/\/tvc16.com\/portal\/wp-json\/wp\/v2\/posts\/19218","targetHints":{"allow":["GET"]}}],"collection":[{"href":"https:\/\/tvc16.com\/portal\/wp-json\/wp\/v2\/posts"}],"about":[{"href":"https:\/\/tvc16.com\/portal\/wp-json\/wp\/v2\/types\/post"}],"author":[{"embeddable":true,"href":"https:\/\/tvc16.com\/portal\/wp-json\/wp\/v2\/users\/2"}],"replies":[{"embeddable":true,"href":"https:\/\/tvc16.com\/portal\/wp-json\/wp\/v2\/comments?post=19218"}],"version-history":[{"count":1,"href":"https:\/\/tvc16.com\/portal\/wp-json\/wp\/v2\/posts\/19218\/revisions"}],"predecessor-version":[{"id":19220,"href":"https:\/\/tvc16.com\/portal\/wp-json\/wp\/v2\/posts\/19218\/revisions\/19220"}],"wp:featuredmedia":[{"embeddable":true,"href":"https:\/\/tvc16.com\/portal\/wp-json\/wp\/v2\/media\/19219"}],"wp:attachment":[{"href":"https:\/\/tvc16.com\/portal\/wp-json\/wp\/v2\/media?parent=19218"}],"wp:term":[{"taxonomy":"category","embeddable":true,"href":"https:\/\/tvc16.com\/portal\/wp-json\/wp\/v2\/categories?post=19218"},{"taxonomy":"post_tag","embeddable":true,"href":"https:\/\/tvc16.com\/portal\/wp-json\/wp\/v2\/tags?post=19218"}],"curies":[{"name":"wp","href":"https:\/\/api.w.org\/{rel}","templated":true}]}}