{"id":19227,"date":"2021-08-12T11:22:18","date_gmt":"2021-08-12T14:22:18","guid":{"rendered":"https:\/\/tvc16.com\/portal\/?p=19227"},"modified":"2021-08-12T11:22:20","modified_gmt":"2021-08-12T14:22:20","slug":"motocicletas-terao-isencao-de-pedagio-em-novas-concessoes-de-rodovias","status":"publish","type":"post","link":"https:\/\/tvc16.com\/portal\/2021\/08\/12\/motocicletas-terao-isencao-de-pedagio-em-novas-concessoes-de-rodovias\/","title":{"rendered":"Motocicletas ter\u00e3o isen\u00e7\u00e3o de ped\u00e1gio em novas concess\u00f5es de rodovias"},"content":{"rendered":"\n<h3 class=\"wp-block-heading\">Medida est\u00e1 em portaria publicada hoje no Di\u00e1rio Oficial da Uni\u00e3o<\/h3>\n\n\n\n<h4 class=\"wp-block-heading\">Por Andreia Verd\u00e9lio \u2013 Rep\u00f3rter da Ag\u00eancia Brasil &#8211; Bras\u00edlia<\/h4>\n\n\n\n<p>O Minist\u00e9rio da Infraestrutura estabeleceu a diretriz de pol\u00edtica p\u00fablica que isenta as motocicletas do pagamento da tarifa de ped\u00e1gio. A medida vale para os projetos de concess\u00e3o de rodovias federais que est\u00e3o em fase interna de licita\u00e7\u00e3o, ou seja, pr\u00e9via \u00e0 publica\u00e7\u00e3o dos editais de leil\u00e3o. A portaria foi publicada hoje (12) no&nbsp;<a href=\"https:\/\/www.in.gov.br\/web\/dou\/-\/portaria-n-104-de-11-de-agosto-de-2021-337810060\">Di\u00e1rio Oficial da Uni\u00e3o<\/a>.<img decoding=\"async\" src=\"https:\/\/agenciabrasil.ebc.com.br\/ebc.png?id=1418224&amp;o=node\"><img decoding=\"async\" src=\"https:\/\/agenciabrasil.ebc.com.br\/ebc.gif?id=1418224&amp;o=node\"><\/p>\n\n\n\n<p>O texto atinge os seguintes projetos de licita\u00e7\u00e3o: BR-116\/101\/RJ\/SP; BR-381\/262\/MG\/ES; BR-116\/465\/493\/RJ\/MG; lotes um a seis das Rodovias Integradas do Paran\u00e1; lotes em estrutura\u00e7\u00e3o pelo Banco Nacional de Desenvolvimento Econ\u00f4mico e Social (BNDES); BR-040\/495\/MG\/RJ; BR-040\/DF\/GO\/MG (relicita\u00e7\u00e3o); BR-158\/155\/MT\/PA; BR-135\/316\/MA; BR-163\/267\/MS (relicita\u00e7\u00e3o); e BR-060\/153\/262\/DF\/GO\/MG (relicita\u00e7\u00e3o).<\/p>\n\n\n\n<p>Com a nova diretriz, a Ag\u00eancia Nacional de Transportes Terrestres (ANTT) tamb\u00e9m dever\u00e1 adotar as provid\u00eancias pertinentes, em especial quanto aos ajustes nos Estudos de Viabilidade T\u00e9cnica, Econ\u00f4mica e Ambiental (EVTEA) dos projetos atingidos.<\/p>\n\n\n\n<p>Edi\u00e7\u00e3o: Kelly Oliveira<\/p>\n","protected":false},"excerpt":{"rendered":"<p>Medida est\u00e1 em portaria publicada hoje no Di\u00e1rio Oficial da Uni\u00e3o Por Andreia Verd\u00e9lio \u2013<\/p>\n","protected":false},"author":2,"featured_media":19228,"comment_status":"open","ping_status":"open","sticky":false,"template":"","format":"standard","meta":{"footnotes":""},"categories":[17],"tags":[],"class_list":["post-19227","post","type-post","status-publish","format-standard","has-post-thumbnail","hentry","category-outras-noticias"],"_links":{"self":[{"href":"https:\/\/tvc16.com\/portal\/wp-json\/wp\/v2\/posts\/19227","targetHints":{"allow":["GET"]}}],"collection":[{"href":"https:\/\/tvc16.com\/portal\/wp-json\/wp\/v2\/posts"}],"about":[{"href":"https:\/\/tvc16.com\/portal\/wp-json\/wp\/v2\/types\/post"}],"author":[{"embeddable":true,"href":"https:\/\/tvc16.com\/portal\/wp-json\/wp\/v2\/users\/2"}],"replies":[{"embeddable":true,"href":"https:\/\/tvc16.com\/portal\/wp-json\/wp\/v2\/comments?post=19227"}],"version-history":[{"count":1,"href":"https:\/\/tvc16.com\/portal\/wp-json\/wp\/v2\/posts\/19227\/revisions"}],"predecessor-version":[{"id":19229,"href":"https:\/\/tvc16.com\/portal\/wp-json\/wp\/v2\/posts\/19227\/revisions\/19229"}],"wp:featuredmedia":[{"embeddable":true,"href":"https:\/\/tvc16.com\/portal\/wp-json\/wp\/v2\/media\/19228"}],"wp:attachment":[{"href":"https:\/\/tvc16.com\/portal\/wp-json\/wp\/v2\/media?parent=19227"}],"wp:term":[{"taxonomy":"category","embeddable":true,"href":"https:\/\/tvc16.com\/portal\/wp-json\/wp\/v2\/categories?post=19227"},{"taxonomy":"post_tag","embeddable":true,"href":"https:\/\/tvc16.com\/portal\/wp-json\/wp\/v2\/tags?post=19227"}],"curies":[{"name":"wp","href":"https:\/\/api.w.org\/{rel}","templated":true}]}}