{"id":19233,"date":"2021-08-12T11:25:43","date_gmt":"2021-08-12T14:25:43","guid":{"rendered":"https:\/\/tvc16.com\/portal\/?p=19233"},"modified":"2021-08-12T11:25:45","modified_gmt":"2021-08-12T14:25:45","slug":"talibas-conquistam-10a-cidade-provincial-afega-a-caminho-de-cabul","status":"publish","type":"post","link":"https:\/\/tvc16.com\/portal\/2021\/08\/12\/talibas-conquistam-10a-cidade-provincial-afega-a-caminho-de-cabul\/","title":{"rendered":"Talib\u00e3s conquistam 10\u00aa cidade provincial afeg\u00e3, a caminho de Cabul"},"content":{"rendered":"\n<h3 class=\"wp-block-heading\">Ghazni, a 150 km da capital, foi tomada nesta quinta-feira<\/h3>\n\n\n\n<h4 class=\"wp-block-heading\">Por RTP &#8211; Cabul<\/h4>\n\n\n\n<p>O grupo terrorista talib\u00e3 tomou, nesta quinta-feira (12), a estrat\u00e9gica cidade de Ghazni, a 150 quil\u00f4metros (km) da capital, Cabul. \u00c9 a d\u00e9cima capital de prov\u00edncia a cair em uma semana, segundo um conselheiro provincial.&nbsp;As autoridades acreditam que a conquista dessa&nbsp;cidade, localizada na estrada principal Cabul-Kandahar, tenha como objetivo tomar a capital afeg\u00e3.<img decoding=\"async\" src=\"https:\/\/agenciabrasil.ebc.com.br\/ebc.png?id=1418226&amp;o=node\"><img decoding=\"async\" src=\"https:\/\/agenciabrasil.ebc.com.br\/ebc.gif?id=1418226&amp;o=node\"><\/p>\n\n\n\n<p>Posso confirmar que Ghazni caiu esta manh\u00e3 nas ma\u00f5s dos talib\u00e3s. Eles assumiram o controle&nbsp;de \u00e1reas-chave da cidade: o gabinete do governador, a sede da pol\u00edcia e a pris\u00e3o&#8221;, disse \u00e0 ag\u00eancia France-Presse o chefe do conselho provincial de Ghazni, Nasir Ahmad Faqiri, acrescentando que os combates ainda ocorrem em algumas \u00e1reas.<\/p>\n\n\n\n<p>Hoje, o grupo insurgente j\u00e1 controlava toda a cidade e tinha invadido uma pris\u00e3o e libertado cerca de 400 presidi\u00e1rios, confirmou uma autoridade local. Os talib\u00e3s invadiram ainda a sede da pol\u00edcia de Ghazni e o gabinete do governador.<\/p>\n\n\n\n<p>O ataque come\u00e7ou&nbsp;por volta da meia-noite, com confrontos com as for\u00e7as de seguran\u00e7a que estavam nas ruas. Segundo a mesma fonte, \u00e0s 8h&nbsp;(hora local) o grupo terrorista j\u00e1 controlava a maior parte da cidade.<\/p>\n\n\n\n<p>&#8220;O comandante da pol\u00edcia local e o governador estavam desesperados e n\u00e3o tinham outra op\u00e7\u00e3o a n\u00e3o ser se&nbsp;render&#8221;, acrescentou&nbsp;a autoridade. &#8220;As pessoas est\u00e3o se escondendo em suas casas, ningu\u00e9m est\u00e1 c\u00e1 fora&#8221;.<\/p>\n\n\n\n<p>A conquista de Ghazni pelos insurgentes \u00e9 um duro golpe para o governo afeg\u00e3o, visto que a cidade est\u00e1 numa estrada principal que liga Cabul ao sul do Afeganist\u00e3o. A invas\u00e3o da d\u00e9cima cidade ocorre, ainda por cima, dois dias depois de os talib\u00e3s terem tomado a cidade-chave de Pul-e-Khumri, a 225 km&nbsp;ao norte da capital, garantindo o controle&nbsp;de um entroncamento rodovi\u00e1rio estrat\u00e9gico que liga Cabul ao norte e ao oeste do pa\u00eds.<\/p>\n\n\n\n<p>O ministro alem\u00e3o dos Neg\u00f3cios Estrangeiros afirmou hoje que a Alemanha n\u00e3o vai enviar nem mais um centavo&nbsp;para o Afeganist\u00e3o, caso os talib\u00e3 tomem por completo o pa\u00eds. Da \u00faltima vez que o&nbsp;movimento esteve no poder, o regime imp\u00f4s puni\u00e7\u00f5es a quem ouvisse m\u00fasica, n\u00e3o usasse barba ou n\u00e3o cumprisse regras religiosas.<\/p>\n\n\n\n<p>J\u00e1 a Turquia, que gera&nbsp;o aeroporto de Cabul, sugeriu que ele&nbsp;se mantenha em opera\u00e7\u00e3o&nbsp;e ofereceu mais apoio militar para combater a ofensiva terrorista.<\/p>\n\n\n\n<h2 class=\"wp-block-heading\">Cabul<\/h2>\n\n\n\n<p>Quase um ter\u00e7o das 34 capitais de prov\u00edncia do pa\u00eds est\u00e3o agora sob controle&nbsp;do grupo terrorista. \u00c0 medida que os talib\u00e3s tomam&nbsp;o territ\u00f3rio, dezenas de milhares de afeg\u00e3os v\u00e3o abandonando suas casas. Centenas de pessoas&nbsp;foram&nbsp;mortas ou feridas&nbsp;nas \u00faltimas semanas.<\/p>\n\n\n\n<p>Tamb\u00e9m foram registrados confrontos com civis e for\u00e7as de seguran\u00e7a afeg\u00e3s, nesta quinta-feira, em Lashkar Gah, uma das maiores cidades na prov\u00edncia de Helmand.<\/p>\n\n\n\n<p>O governo, contudo, acredita que vai conseguir defender e manter Lashkar Gah, embora tenha havido um atentado suicida com carro-bomba ontem&nbsp;contra a sede da pol\u00edcia regional. Alguns agentes renderam-se aos militantes, outros fugiram para o gabinete do governador, que ainda estava nas m\u00e3os das for\u00e7as do governo, disse Nasima Niazi, um deputado de Helmand.<\/p>\n\n\n\n<p>Embora a capital afeg\u00e3 n\u00e3o tenha sido oficialmente amea\u00e7ada, o ritmo di\u00e1rio a que os talib\u00e3s tomam o resto do pa\u00eds faz com que as autoridades temam n\u00e3o conseguir defender e impedir a invas\u00e3o a Cabul.<\/p>\n\n\n\n<p>Analistas norte-americanos consideram que a ofensiva em marcha tem como objetivo cercar a capital, isolando as for\u00e7as afeg\u00e3s ao norte, para conquistar a regi\u00e3o&nbsp;ou para for\u00e7ar o governo \u00e0 rendi\u00e7\u00e3o. Os EUA temem&nbsp;que Cabul seja tomada em menos de tr\u00eas meses.<\/p>\n\n\n\n<p>Os talib\u00e3s&nbsp;lan\u00e7aram grande ofensiva contra as for\u00e7as do governo de Cabul no in\u00edcio de maio, ap\u00f3s o an\u00fancio da retirada final das for\u00e7as internacionais do Afeganist\u00e3o, que deve estar conclu\u00edda no final deste m\u00eas.<\/p>\n\n\n\n<p>Localizado na \u00c1sia, o Afeganist\u00e3o faz fronteira com seis pa\u00edses (Paquist\u00e3o, Tajiquist\u00e3o, Ir\u00e3, Turquemenist\u00e3o, Uzbequist\u00e3o e China), sendo a paquistanesa a mais extensa, com 2.670 km.<\/p>\n","protected":false},"excerpt":{"rendered":"<p>Ghazni, a 150 km da capital, foi tomada nesta quinta-feira Por RTP &#8211; Cabul O<\/p>\n","protected":false},"author":2,"featured_media":19234,"comment_status":"open","ping_status":"open","sticky":false,"template":"","format":"standard","meta":{"footnotes":""},"categories":[17],"tags":[],"class_list":["post-19233","post","type-post","status-publish","format-standard","has-post-thumbnail","hentry","category-outras-noticias"],"_links":{"self":[{"href":"https:\/\/tvc16.com\/portal\/wp-json\/wp\/v2\/posts\/19233","targetHints":{"allow":["GET"]}}],"collection":[{"href":"https:\/\/tvc16.com\/portal\/wp-json\/wp\/v2\/posts"}],"about":[{"href":"https:\/\/tvc16.com\/portal\/wp-json\/wp\/v2\/types\/post"}],"author":[{"embeddable":true,"href":"https:\/\/tvc16.com\/portal\/wp-json\/wp\/v2\/users\/2"}],"replies":[{"embeddable":true,"href":"https:\/\/tvc16.com\/portal\/wp-json\/wp\/v2\/comments?post=19233"}],"version-history":[{"count":1,"href":"https:\/\/tvc16.com\/portal\/wp-json\/wp\/v2\/posts\/19233\/revisions"}],"predecessor-version":[{"id":19235,"href":"https:\/\/tvc16.com\/portal\/wp-json\/wp\/v2\/posts\/19233\/revisions\/19235"}],"wp:featuredmedia":[{"embeddable":true,"href":"https:\/\/tvc16.com\/portal\/wp-json\/wp\/v2\/media\/19234"}],"wp:attachment":[{"href":"https:\/\/tvc16.com\/portal\/wp-json\/wp\/v2\/media?parent=19233"}],"wp:term":[{"taxonomy":"category","embeddable":true,"href":"https:\/\/tvc16.com\/portal\/wp-json\/wp\/v2\/categories?post=19233"},{"taxonomy":"post_tag","embeddable":true,"href":"https:\/\/tvc16.com\/portal\/wp-json\/wp\/v2\/tags?post=19233"}],"curies":[{"name":"wp","href":"https:\/\/api.w.org\/{rel}","templated":true}]}}