{"id":19236,"date":"2021-08-12T11:27:18","date_gmt":"2021-08-12T14:27:18","guid":{"rendered":"https:\/\/tvc16.com\/portal\/?p=19236"},"modified":"2021-08-12T11:27:20","modified_gmt":"2021-08-12T14:27:20","slug":"inss-atende-ribeirinhos-do-para-a-partir-segunda-feira","status":"publish","type":"post","link":"https:\/\/tvc16.com\/portal\/2021\/08\/12\/inss-atende-ribeirinhos-do-para-a-partir-segunda-feira\/","title":{"rendered":"INSS atende ribeirinhos do Par\u00e1 a partir segunda-feira"},"content":{"rendered":"\n<h3 class=\"wp-block-heading\">PREVBarco vai levar servi\u00e7os a regi\u00f5es onde n\u00e3o h\u00e1 ag\u00eancias fixas<\/h3>\n\n\n\n<h4 class=\"wp-block-heading\">Por Ag\u00eancia Brasil &#8211; Bras\u00edlia<\/h4>\n\n\n\n<p>Na pr\u00f3xima&nbsp;segunda-feira (16), o Instituto Nacional do Seguro Social (INSS) inicia atendimento a comunidades ribeirinhas do Par\u00e1 em duas embarca\u00e7\u00f5es do PREVBarco, em regi\u00f5es onde n\u00e3o h\u00e1 ag\u00eancias fixas.<img decoding=\"async\" src=\"https:\/\/agenciabrasil.ebc.com.br\/ebc.png?id=1418228&amp;o=node\"><img decoding=\"async\" src=\"https:\/\/agenciabrasil.ebc.com.br\/ebc.gif?id=1418228&amp;o=node\"><\/p>\n\n\n\n<p>O ciclo de atendimentos come\u00e7a no oeste do estado, em Flexal. Nesta comunidade, a ag\u00eancia flutuante atende por dois dias e, na&nbsp;quinta-feira (19), estar\u00e1 no munic\u00edpio de Curu\u00e1, onde permanece por dois dias tamb\u00e9m. No pr\u00f3ximo destino, em \u00d3bidos, a embarca\u00e7\u00e3o cumpre uma agenda mais longa de atendimento, de 23 a&nbsp;31 de agosto.<\/p>\n\n\n\n<p>Na regi\u00e3o do Maraj\u00f3, a presta\u00e7\u00e3o de servi\u00e7os previdenci\u00e1rios come\u00e7a na&nbsp;quarta-feira (18), pelo munic\u00edpio de Bujaru, onde ocorre atendimento at\u00e9 o dia&nbsp;20 de agosto. Logo depois, o PREVBarco chega a&nbsp;Limoeiro do Ajuru, onde cumpre agenda de 23 a&nbsp;27 de agosto, durante a semana inteira. E, por fim, j\u00e1 virando o m\u00eas, a embarca\u00e7\u00e3o atende em Muan\u00e1, entre os dias&nbsp;30 de agosto&nbsp;a&nbsp;3 de setembro.<\/p>\n\n\n\n<h2 class=\"wp-block-heading\">Ag\u00eancias flutuantes<\/h2>\n\n\n\n<p>O INSS acrescenta que, no Par\u00e1, devido ao tamanho do estado e \u00e0s diferen\u00e7as geogr\u00e1ficas dos rios, duas embarca\u00e7\u00f5es far\u00e3o&nbsp;os ciclos de viagem em atendimento \u00e0s comunidades ribeirinhas. O projeto come\u00e7ou em 1997 e se estendeu para os estados do Amazonas (com duas embarca\u00e7\u00f5es) e de Rond\u00f4nia (com mais um barco), totalizando cinco ag\u00eancias m\u00f3veis flutuantes no Brasil.<\/p>\n\n\n\n<p>As embarca\u00e7\u00f5es t\u00eam estrutura completa de atendimento, o que possibilita que os segurados recebam os mesmos servi\u00e7os de uma ag\u00eancia fixa do INSS. Al\u00e9m dos de atendimento, h\u00e1 sala para per\u00edcias m\u00e9dicas.<\/p>\n\n\n\n<p>Segundo o instituto, as embarca\u00e7\u00f5es cumprem os requisitos de acessibilidade para segurados e benefici\u00e1rios com defici\u00eancia ou mobilidade reduzida.<\/p>\n\n\n\n<p>Edi\u00e7\u00e3o: Maria Claudia<\/p>\n","protected":false},"excerpt":{"rendered":"<p>PREVBarco vai levar servi\u00e7os a regi\u00f5es onde n\u00e3o h\u00e1 ag\u00eancias fixas Por Ag\u00eancia Brasil &#8211;<\/p>\n","protected":false},"author":2,"featured_media":19237,"comment_status":"open","ping_status":"open","sticky":false,"template":"","format":"standard","meta":{"footnotes":""},"categories":[17],"tags":[],"class_list":["post-19236","post","type-post","status-publish","format-standard","has-post-thumbnail","hentry","category-outras-noticias"],"_links":{"self":[{"href":"https:\/\/tvc16.com\/portal\/wp-json\/wp\/v2\/posts\/19236","targetHints":{"allow":["GET"]}}],"collection":[{"href":"https:\/\/tvc16.com\/portal\/wp-json\/wp\/v2\/posts"}],"about":[{"href":"https:\/\/tvc16.com\/portal\/wp-json\/wp\/v2\/types\/post"}],"author":[{"embeddable":true,"href":"https:\/\/tvc16.com\/portal\/wp-json\/wp\/v2\/users\/2"}],"replies":[{"embeddable":true,"href":"https:\/\/tvc16.com\/portal\/wp-json\/wp\/v2\/comments?post=19236"}],"version-history":[{"count":1,"href":"https:\/\/tvc16.com\/portal\/wp-json\/wp\/v2\/posts\/19236\/revisions"}],"predecessor-version":[{"id":19238,"href":"https:\/\/tvc16.com\/portal\/wp-json\/wp\/v2\/posts\/19236\/revisions\/19238"}],"wp:featuredmedia":[{"embeddable":true,"href":"https:\/\/tvc16.com\/portal\/wp-json\/wp\/v2\/media\/19237"}],"wp:attachment":[{"href":"https:\/\/tvc16.com\/portal\/wp-json\/wp\/v2\/media?parent=19236"}],"wp:term":[{"taxonomy":"category","embeddable":true,"href":"https:\/\/tvc16.com\/portal\/wp-json\/wp\/v2\/categories?post=19236"},{"taxonomy":"post_tag","embeddable":true,"href":"https:\/\/tvc16.com\/portal\/wp-json\/wp\/v2\/tags?post=19236"}],"curies":[{"name":"wp","href":"https:\/\/api.w.org\/{rel}","templated":true}]}}